{"id":51793,"date":"2026-03-19T10:01:53","date_gmt":"2026-03-19T14:01:53","guid":{"rendered":"https:\/\/vortekspaces.com\/?p=51793"},"modified":"2026-04-27T14:43:44","modified_gmt":"2026-04-27T18:43:44","slug":"vortek-spaces-4-0-47439-0-notes-version","status":"publish","type":"post","link":"https:\/\/vortekspaces.com\/fr\/2026\/03\/19\/vortek-spaces-4-0-47439-0-notes-version\/","title":{"rendered":"Remplacement de mod\u00e8le import\u00e9s depuis un CAO, refonte du navigateur de projets &amp; plus encore"},"content":{"rendered":"\n<p><strong>Version 4.0.47439.0 \u00b7 19 mars 2026 \u00b7 Tous les utilisateurs<\/strong><\/p>\n\n\n\n<p>La mise \u00e0 jour du 19 mars 2026 de VORTEK Spaces ajoute une fonctionnalit\u00e9 tr\u00e8s demand\u00e9e par les \u00e9b\u00e9nistes, menuisiers et designers : la possibilit\u00e9 de remplacer des mod\u00e8les import\u00e9s depuis un CAO \u2014 \u00e9lectrom\u00e9nagers, armoires et plus encore \u2014 par des \u00e9l\u00e9ments de la biblioth\u00e8que VORTEK Spaces. Cette mise \u00e0 jour inclut aussi un navigateur de projets repens\u00e9, un rendu des miroirs am\u00e9lior\u00e9 en VR, ainsi que des correctifs cibl\u00e9s sur l\u2019ensemble de la plateforme.<\/p>\n\n\n\n<h2 class=\"wp-block-heading\" id=\"whats-new\">Quelles sont les nouveaut\u00e9s dans VORTEK Spaces ?<\/h2>\n\n\n\n<figure class=\"wp-block-table\"><table><thead><tr><th>Nouveaut\u00e9<\/th><th>Explication<\/th><\/tr><\/thead><tbody><tr><td>\ud83c\udd95 <strong>Remplacement de mod\u00e8les 3D CAO<\/strong><\/td><td>Remplacez des mod\u00e8les import\u00e9s depuis un CAO par des ressources de la biblioth\u00e8que.<\/td><\/tr><tr><td>\ud83c\udfa8 <strong>Refonte du navigateur de projets<\/strong><\/td><td>R\u00e9pertoire de travail repens\u00e9 : dossiers, projets et agencements plus clairs.<\/td><\/tr><tr><td>\ud83d\udda5\ufe0f <strong>Am\u00e9liorations de l\u2019interface<\/strong><\/td><td>Alertes d\u2019expiration de licence, filigranes d\u2019essai, SKU de mat\u00e9riaux et plus encore.<\/td><\/tr><tr><td>\ud83e\udd7d <strong>Exp\u00e9rience de r\u00e9alit\u00e9 virtuelle am\u00e9lior\u00e9e<\/strong><\/td><td>Rendu des miroirs plus net, nouveaux param\u00e8tres de performance, valeurs par d\u00e9faut plus intelligentes.<\/td><\/tr><tr><td>\u26a1 <strong>Am\u00e9liorations de performance<\/strong><\/td><td>Chargement plus rapide de la liste des points de vue, suppression automatique des lumi\u00e8res en double.<\/td><\/tr><tr><td>\ud83d\udc1b <strong>Corrections de bogues<\/strong><\/td><td>Mod\u00e8les \u201ccutout\u201d, import ClosetPro, position de la cam\u00e9ra, renommage des mat\u00e9riaux et plus encore.<\/td><\/tr><\/tbody><\/table><\/figure>\n\n\n\n<h2 class=\"wp-block-heading\" id=\"login-system-change\">Comment fonctionne le remplacement des mod\u00e8les import\u00e9s depuis un CAO ?<\/h2>\n\n\n\n<p>La fonctionnalit\u00e9 phare de cette mise \u00e0 jour est maintenant disponible : <strong>le remplacement de mod\u00e8les Collada.<\/strong><\/p>\n\n\n\n<p>Suite \u00e0 l\u2019importation d\u2019un projet depuis une plateforme CAO \u2014 Cabinet Vision, SketchUp, Mozaik, ClosetPro ou autre \u2014 vous pouvez d\u00e9sormais remplacer n\u2019importe quel mod\u00e8le de ce projet (\u00e9lectrom\u00e9nagers, r\u00e9frig\u00e9rateurs, armoires, etc.) par des mod\u00e8les provenant de la biblioth\u00e8que VORTEK Spaces. Auparavant, seuls les mod\u00e8les VORTEK Spaces pouvaient \u00eatre remplac\u00e9s. D\u00e9sormais, tous les mod\u00e8les sont pris en charge.<\/p>\n\n\n\n<p><strong>Comment l\u2019utiliser :<\/strong><\/p>\n\n\n\n<ol class=\"wp-block-list\">\n<li>Activez le <strong>mode Expert<\/strong> dans VORTEK Spaces. Pour ce faire, allez dans les <strong>Param\u00e8tres &gt; Ongled Avanc\u00e9<\/strong>.<\/li>\n\n\n\n<li>Ouvrez votre <strong>liste de mod\u00e8les<\/strong>.<\/li>\n\n\n\n<li>Cliquez sur le <strong>bouton du mode de remplacement<\/strong> en bas \u00e0 droite de la liste \u2014 vous pourrez alors s\u00e9lectionner<strong> tous les mod\u00e8les de votre projet import\u00e9<\/strong>, en plus de vos mod\u00e8les VORTEK Spaces.<\/li>\n\n\n\n<li>Une fois un mod\u00e8le du projet s\u00e9lectionn\u00e9, <strong>choisissez n\u2019importe quel mod\u00e8le<\/strong> dans la liste pour le remplacer.<\/li>\n\n\n\n<li>Pour restaurer l\u2019original, <strong>supprimez le mod\u00e8le de remplacement<\/strong> \u2014 la version CAO d\u2019origine r\u00e9appara\u00eet automatiquement.<\/li>\n<\/ol>\n\n\n\n<p>Le remplacement d\u2019\u00e9l\u00e9ments Collada est pris en charge pour <strong>tous nos formats de fichiers officiellement support\u00e9s<\/strong>.<\/p>\n\n\n\n<p><strong>Remarque :<\/strong> le remplacement des poign\u00e9es n\u2019est pas inclus dans cette mise \u00e0 jour.<\/p>\n\n\n\n<h2 class=\"wp-block-heading\" id=\"sunset-lighting\">Le navigateur de projets est-il plus facile \u00e0 utiliser ?<\/h2>\n\n\n\n<p><strong>Oui.<\/strong> La liste du r\u00e9pertoire de travail a \u00e9t\u00e9 enti\u00e8rement repens\u00e9e pour plus de clart\u00e9.<\/p>\n\n\n\n<p>Les dossiers de travail, projets et designs sont d\u00e9sormais <strong>visuellement distincts<\/strong>. Les projets sont pr\u00e9sent\u00e9s de mani\u00e8re \u00e0 indiquer clairement qu\u2019ils contiennent plusieurs designs. Si un projet ne contient qu\u2019un seul design, VORTEK Spaces <strong>l\u2019ouvre maintenant<\/strong> <strong>automatiquement<\/strong> \u2014 ce qui vous fait gagner un clic \u00e0 chaque fois.<\/p>\n\n\n\n<p><strong>Am\u00e9liorations suppl\u00e9mentaires :<\/strong><\/p>\n\n\n\n<ul class=\"wp-block-list\">\n<li>Une navigation par <strong>fil d\u2019Ariane<\/strong> pour savoir en tout temps o\u00f9 vous vous trouvez dans la hi\u00e9rarchie de dossiers.<\/li>\n\n\n\n<li>Un bouton en <strong>un clic<\/strong> pour cr\u00e9er imm\u00e9diatement un dossier de travail si aucun n\u2019est d\u00e9tect\u00e9 \u2014 particuli\u00e8rement utile pour les nouveaux utilisateurs lors de la premi\u00e8re configuration.<\/li>\n<\/ul>\n\n\n\n<p>Cette refonte profite \u00e0 tous les utilisateurs, en particulier aux designers qui g\u00e8rent plusieurs projets clients via Cabinet Vision, SketchUp, ClosetPro et d\u2019autres plateformes.<\/p>\n\n\n\n<h2 class=\"wp-block-heading\">Quels changements d\u2019interface devriez-vous conna\u00eetre ?<\/h2>\n\n\n\n<p>Plusieurs mises \u00e0 jour de l\u2019interface rendent l\u2019utilisation quotidienne plus claire et plus fiable.<\/p>\n\n\n\n<h3 class=\"wp-block-heading\">Gestion des licences &amp; du compte<\/h3>\n\n\n\n<ul class=\"wp-block-list\">\n<li><strong>Une fen\u00eatre s\u2019affiche d\u00e9sormais lorsque votre licence approche de son expiration<\/strong>, avec un raccourci direct vers la page de renouvellement \u2014 pour \u00e9viter toute surprise.<\/li>\n\n\n\n<li>Les avertissements li\u00e9s au compte (licence expir\u00e9e, absence de connexion Internet) sont plus visibles et plus faciles \u00e0 lire.<\/li>\n\n\n\n<li>La version d\u2019essai affiche maintenant des \u00e9l\u00e9ments visuels distinctifs et des filigranes.<\/li>\n\n\n\n<li>Le message d\u2019erreur \u00ab mot de passe invalide \u00bb pr\u00e9cise d\u00e9sormais explicitement que <strong>votre mot de passe VORTEK Spaces est distinct de votre identifiant du site web<\/strong> \u2014 une source fr\u00e9quente de confusion.<\/li>\n<\/ul>\n\n\n\n<h3 class=\"wp-block-heading\">Am\u00e9liorations li\u00e9es aux mat\u00e9riaux &amp; au projet<\/h3>\n\n\n\n<ul class=\"wp-block-list\">\n<li>Les <strong>SKU de mat\u00e9riaux<\/strong> sont maintenant affich\u00e9s directement sous les noms de mat\u00e9riaux dans la liste des mat\u00e9riaux.<\/li>\n\n\n\n<li><strong>Mode Expert <\/strong>: les dimensions des <strong>sondes de r\u00e9flexion<\/strong> (X, Y, Z) peuvent maintenant \u00eatre ajust\u00e9es \u00e0 l\u2019aide de <strong>curseurs d\u00e9di\u00e9s<\/strong>.<\/li>\n\n\n\n<li><strong>Mode Expert :<\/strong> Le menu de performance et le compteur FPS sont maintenant <strong>automatiquement masqu\u00e9s en plein \u00e9cran<\/strong> pour une vue de pr\u00e9sentation plus \u00e9pur\u00e9e.<\/li>\n<\/ul>\n\n\n\n<h3 class=\"wp-block-heading\">Rendus vid\u00e9o<\/h3>\n\n\n\n<ul class=\"wp-block-list\">\n<li>Une nouvelle vid\u00e9o d\u2019<strong>introduction et de conclusion par d\u00e9faut de VORTEK Spaces<\/strong> a \u00e9t\u00e9 ajout\u00e9e.<\/li>\n<\/ul>\n\n\n\n<h2 class=\"wp-block-heading\">Qu\u2019est-ce qui s\u2019am\u00e9liore en VR ?<\/h2>\n\n\n\n<p>Les utilisateurs VR constateront une exp\u00e9rience plus nette et plus coh\u00e9rente avec cette mise \u00e0 jour.<\/p>\n\n\n\n<ul class=\"wp-block-list\">\n<li><strong>Rendu des miroirs am\u00e9lior\u00e9<\/strong> \u2014 les miroirs en mode VR sont d\u00e9sormais plus r\u00e9fl\u00e9chissants.<\/li>\n\n\n\n<li>De <strong>nouveaux param\u00e8tres<\/strong> dans <strong>Param\u00e8tres &gt; VR<\/strong> offrent un contr\u00f4le suppl\u00e9mentaire sur la performance et la qualit\u00e9 de rendu en VR.<\/li>\n\n\n\n<li>La luminosit\u00e9 du projet en VR utilise maintenant une valeur par d\u00e9faut <strong>plus \u00e9lev\u00e9e <\/strong>\u2014 le curseur de luminosit\u00e9 manuel a \u00e9t\u00e9 retir\u00e9 au profit de cette nouvelle valeur.<\/li>\n\n\n\n<li>La <strong>vue ajust\u00e9e<\/strong> est automatiquement d\u00e9sactiv\u00e9e lorsque la VR est active, afin d\u2019\u00e9viter que la r\u00e9solution VR diff\u00e8re de la vue de l\u2019application.<\/li>\n<\/ul>\n\n\n\n<h2 class=\"wp-block-heading\">Am\u00e9liorations de performance &amp; de stabilit\u00e9<\/h2>\n\n\n\n<ul class=\"wp-block-list\">\n<li><strong>Le chargement de la liste des points de vue est plus rapide<\/strong>, r\u00e9duisant les d\u00e9lais et la latence lors de votre travail.<\/li>\n\n\n\n<li>Pendant le chargement d\u2019un projet, VORTEK Spaces supprime maintenant <strong>automatiquement les lumi\u00e8res dupliqu\u00e9es<\/strong> plac\u00e9es au m\u00eame endroit \u2014 une cause fr\u00e9quente d\u2019artefacts de rendu dans les projets complexes.<\/li>\n<\/ul>\n\n\n\n<h2 class=\"wp-block-heading\">Autres correctifs &amp; am\u00e9liorations<\/h2>\n\n\n\n<p>Cette mise \u00e0 jour corrige plusieurs probl\u00e8mes signal\u00e9s par les utilisateurs :<\/p>\n\n\n\n<ul class=\"wp-block-list\">\n<li>Correction de plusieurs probl\u00e8mes d\u2019artefacts dans les mod\u00e8les \u201ccutout\u201d (robinets, foyers, fen\u00eatres).<\/li>\n\n\n\n<li>Correction d\u2019un probl\u00e8me o\u00f9 certains \u00e9l\u00e9ments n\u2019\u00e9taient pas visibles apr\u00e8s l\u2019importation de projets ClosetPro.<\/li>\n\n\n\n<li>Correction d\u2019un probl\u00e8me emp\u00eachant l\u2019envoi de demandes de support apr\u00e8s l\u2019\u00e9chec de l&#8217;ouverture d\u2019un projet.<\/li>\n\n\n\n<li>Correction d\u2019un bogue affectant la position initiale de la cam\u00e9ra dans certains projets.<\/li>\n\n\n\n<li>Correction d\u2019un bogue emp\u00eachant le renommage des mat\u00e9riaux.<\/li>\n\n\n\n<li>Correction d\u2019un bogue emp\u00eachant de fermer la banni\u00e8re de notification de mise \u00e0 jour.<\/li>\n\n\n\n<li>Am\u00e9lioration de la s\u00e9lection des mod\u00e8les de particules (douches, \u00e9viers, vapeur) afin d\u2019exclure les effets de particules de la s\u00e9lection elle-m\u00eame.<\/li>\n\n\n\n<li><strong>Autres correctifs <\/strong>: divers ajustements additionnels dans l\u2019interface, l\u2019enregistrement, les boutons, les lumi\u00e8res et l\u2019int\u00e9gration Mozaik.<\/li>\n<\/ul>\n\n\n\n<p><strong>Remarque :<\/strong> l\u2019importation de mat\u00e9riaux <code>.ogv<\/code> n\u2019est plus prise en charge.<\/p>\n\n\n\n<hr class=\"wp-block-separator has-css-opacity\"\/>\n\n\n\n<h2 class=\"wp-block-heading\" id=\"faq\">Foire aux questions<\/h2>\n\n\n\n<h3 class=\"wp-block-heading has-medium-font-size\"><strong>Q: Qu\u2019est-ce que le remplacement de mod\u00e8les 3D CAO dans VORTEK Spaces ?<\/strong><\/h3>\n\n\n\n<p><br>Le remplacement de mod\u00e8les 3D CAO vous permet de remplacer n\u2019importe quel mod\u00e8le d\u2019un projet import\u00e9 depuis un logiciel CAO (\u00e9lectrom\u00e9nagers, armoires, etc.) par un mod\u00e8le de la biblioth\u00e8que VORTEK Spaces. Cette fonctionnalit\u00e9 requiert le <strong>mode Expert<\/strong> et fonctionne avec tous les formats de fichiers pris en charge. S\u00e9lectionnez un mod\u00e8le dans la liste pour le remplacer; supprimez le mod\u00e8le de remplacement pour restaurer l\u2019original.<\/p>\n\n\n\n<h3 class=\"wp-block-heading has-medium-font-size\"><strong>Q: VORTEK Spaces fonctionne-t-il avec Cabinet Vision, SketchUp et Mozaik ?<\/strong><\/h3>\n\n\n\n<p><br>Oui. VORTEK Spaces fonctionne avec Cabinet Vision, Mozaik, SketchUp, 2020 Design, Microvellum, Chief Architect, CabWriter, CabMaster et ClosetPro. Le remplacement de mod\u00e8les est compatible avec tous ces formats.<\/p>\n\n\n\n<h3 class=\"wp-block-heading has-medium-font-size\"><strong>Q: Le remplacement des poign\u00e9es est-il disponible dans cette mise \u00e0 jour ?<\/strong><\/h3>\n\n\n\n<p><br>Le remplacement des poign\u00e9es n\u2019est pas inclus dans la version 4.0.47439.0, mais il est pr\u00e9vu dans une version ult\u00e9rieure. Consultez r\u00e9guli\u00e8rement nos <a href=\"https:\/\/vortekspaces.com\/fr\/category\/notes-de-version\/\" target=\"_blank\" rel=\"noreferrer noopener\">notes de version<\/a> pour rester \u00e0 jour.<\/p>\n\n\n\n<h3 class=\"wp-block-heading has-medium-font-size\"><strong>Q: VORTEK Spaces est-il offert en essai gratuit ?<\/strong><\/h3>\n\n\n\n<p><br>Oui. VORTEK Spaces propose un essai gratuit \u2014 aucune carte de cr\u00e9dit requise.&nbsp;<a href=\"https:\/\/vortekspaces.com\/fr\/produit\/vortek-spaces-essai-gratuit\/\">Commencer votre essai gratuit \u2192<\/a><\/p>\n\n\n\n<h3 class=\"wp-block-heading has-medium-font-size\"><strong>Q: Comment mettre \u00e0 jour VORTEK Spaces ?<\/strong><\/h3>\n\n\n\n<p><br>T\u00e9l\u00e9chargez la derni\u00e8re version directement depuis votre application VORTEK Spaces, ou v\u00e9rifiez les mises \u00e0 jour sur la page <a href=\"https:\/\/apps.microsoft.com\/detail\/9mwqx72ffx9p?hl=fr-ca&amp;gl=CA&amp;ocid=pdpshare\">VORTEK Spaces du Microsoft Store<\/a>.<\/p>\n\n\n\n<hr class=\"wp-block-separator has-css-opacity\"\/>\n\n\n\n<h2 class=\"wp-block-heading\" id=\"get-latest-version\">Obtenir la derni\u00e8re version<\/h2>\n\n\n\n<p><strong><a href=\"https:\/\/vortekspaces.com\/fr\/produit\/vortek-spaces-essai-gratuit\/\">D\u00e9marrez votre essai gratuit de 14 jours \u2014 aucune carte de cr\u00e9dit requise \u2192<\/a><\/strong><br><br>D\u00e9j\u00e0 abonn\u00e9 ? <a href=\"https:\/\/vortekspaces.com\/fr\/tarification\/\">Voir tous les forfaits et tarifs \u2192<\/a> \u00b7 <a href=\"https:\/\/vortekspaces.com\/fr\/apprentissage\/tutoriels-videos\/\">Regarder les tutoriels vid\u00e9o \u2192<\/a><\/p>\n\n\n\n<p><\/p>\n","protected":false},"excerpt":{"rendered":"<p>Version 4.0.47439.0 \u00b7 19 mars 2026 \u00b7 Tous les utilisateurs La mise \u00e0 jour du 19 mars 2026 de VORTEK Spaces ajoute une fonctionnalit\u00e9 tr\u00e8s demand\u00e9e par les \u00e9b\u00e9nistes, menuisiers et designers : la possibilit\u00e9 de remplacer des mod\u00e8les import\u00e9s depuis un CAO \u2014 \u00e9lectrom\u00e9nagers, armoires et plus encore \u2014 par des \u00e9l\u00e9ments de la [&hellip;]<\/p>\n","protected":false},"author":16398,"featured_media":51845,"comment_status":"closed","ping_status":"closed","sticky":false,"template":"","format":"standard","meta":{"_acf_changed":false,"_eb_attr":"","inline_featured_image":false,"_hide_featured_image":false,"_spaces_version":"","footnotes":""},"categories":[47],"tags":[],"class_list":["post-51793","post","type-post","status-publish","format-standard","has-post-thumbnail","hentry","category-notes-de-version"],"acf":[],"yoast_head":"<!-- This site is optimized with the Yoast SEO plugin v24.9 - https:\/\/yoast.com\/wordpress\/plugins\/seo\/ -->\n<title>Remplacement de mod\u00e8le import\u00e9s depuis un CAO, refonte du navigateur de projets &amp; plus encore - VORTEK Spaces<\/title>\n<meta name=\"robots\" content=\"index, follow, max-snippet:-1, max-image-preview:large, max-video-preview:-1\" \/>\n<link rel=\"canonical\" href=\"https:\/\/vortekspaces.com\/fr\/2026\/03\/19\/vortek-spaces-4-0-47439-0-notes-version\/\" \/>\n<meta property=\"og:locale\" content=\"fr_FR\" \/>\n<meta property=\"og:type\" content=\"article\" \/>\n<meta property=\"og:title\" content=\"Remplacement de mod\u00e8le import\u00e9s depuis un CAO, refonte du navigateur de projets &amp; plus encore - VORTEK Spaces\" \/>\n<meta property=\"og:description\" content=\"Version 4.0.47439.0 \u00b7 19 mars 2026 \u00b7 Tous les utilisateurs La mise \u00e0 jour du 19 mars 2026 de VORTEK Spaces ajoute une fonctionnalit\u00e9 tr\u00e8s demand\u00e9e par les \u00e9b\u00e9nistes, menuisiers et designers : la possibilit\u00e9 de remplacer des mod\u00e8les import\u00e9s depuis un CAO \u2014 \u00e9lectrom\u00e9nagers, armoires et plus encore \u2014 par des \u00e9l\u00e9ments de la [&hellip;]\" \/>\n<meta property=\"og:url\" content=\"https:\/\/vortekspaces.com\/fr\/2026\/03\/19\/vortek-spaces-4-0-47439-0-notes-version\/\" \/>\n<meta property=\"og:site_name\" content=\"VORTEK Spaces\" \/>\n<meta property=\"article:published_time\" content=\"2026-03-19T14:01:53+00:00\" \/>\n<meta property=\"article:modified_time\" content=\"2026-04-27T18:43:44+00:00\" \/>\n<meta property=\"og:image\" content=\"https:\/\/vortekspaces.com\/wp-content\/uploads\/2026\/04\/Condo-Demo3-1024x576.jpg\" \/>\n\t<meta property=\"og:image:width\" content=\"1024\" \/>\n\t<meta property=\"og:image:height\" content=\"576\" \/>\n\t<meta property=\"og:image:type\" content=\"image\/jpeg\" \/>\n<meta name=\"author\" content=\"swmmerette\" \/>\n<meta name=\"twitter:card\" content=\"summary_large_image\" \/>\n<meta name=\"twitter:label1\" content=\"\u00c9crit par\" \/>\n\t<meta name=\"twitter:data1\" content=\"swmmerette\" \/>\n\t<meta name=\"twitter:label2\" content=\"Dur\u00e9e de lecture estim\u00e9e\" \/>\n\t<meta name=\"twitter:data2\" content=\"6 minutes\" \/>\n<script type=\"application\/ld+json\" class=\"yoast-schema-graph\">{\"@context\":\"https:\/\/schema.org\",\"@graph\":[{\"@type\":\"Article\",\"@id\":\"https:\/\/vortekspaces.com\/fr\/2026\/03\/19\/vortek-spaces-4-0-47439-0-notes-version\/#article\",\"isPartOf\":{\"@id\":\"https:\/\/vortekspaces.com\/fr\/2026\/03\/19\/vortek-spaces-4-0-47439-0-notes-version\/\"},\"author\":{\"name\":\"swmmerette\",\"@id\":\"https:\/\/vortekspaces.com\/fr\/#\/schema\/person\/6728fde90db2020bf86f627e30939019\"},\"headline\":\"Remplacement de mod\u00e8le import\u00e9s depuis un CAO, refonte du navigateur de projets &amp; plus encore\",\"datePublished\":\"2026-03-19T14:01:53+00:00\",\"dateModified\":\"2026-04-27T18:43:44+00:00\",\"mainEntityOfPage\":{\"@id\":\"https:\/\/vortekspaces.com\/fr\/2026\/03\/19\/vortek-spaces-4-0-47439-0-notes-version\/\"},\"wordCount\":1493,\"publisher\":{\"@id\":\"https:\/\/vortekspaces.com\/fr\/#organization\"},\"image\":{\"@id\":\"https:\/\/vortekspaces.com\/fr\/2026\/03\/19\/vortek-spaces-4-0-47439-0-notes-version\/#primaryimage\"},\"thumbnailUrl\":\"https:\/\/vortekspaces.com\/wp-content\/uploads\/2026\/04\/Condo-Demo3.jpg\",\"articleSection\":[\"Notes de version\"],\"inLanguage\":\"fr-FR\"},{\"@type\":\"WebPage\",\"@id\":\"https:\/\/vortekspaces.com\/fr\/2026\/03\/19\/vortek-spaces-4-0-47439-0-notes-version\/\",\"url\":\"https:\/\/vortekspaces.com\/fr\/2026\/03\/19\/vortek-spaces-4-0-47439-0-notes-version\/\",\"name\":\"Remplacement de mod\u00e8le import\u00e9s depuis un CAO, refonte du navigateur de projets &amp; plus encore - VORTEK Spaces\",\"isPartOf\":{\"@id\":\"https:\/\/vortekspaces.com\/fr\/#website\"},\"primaryImageOfPage\":{\"@id\":\"https:\/\/vortekspaces.com\/fr\/2026\/03\/19\/vortek-spaces-4-0-47439-0-notes-version\/#primaryimage\"},\"image\":{\"@id\":\"https:\/\/vortekspaces.com\/fr\/2026\/03\/19\/vortek-spaces-4-0-47439-0-notes-version\/#primaryimage\"},\"thumbnailUrl\":\"https:\/\/vortekspaces.com\/wp-content\/uploads\/2026\/04\/Condo-Demo3.jpg\",\"datePublished\":\"2026-03-19T14:01:53+00:00\",\"dateModified\":\"2026-04-27T18:43:44+00:00\",\"breadcrumb\":{\"@id\":\"https:\/\/vortekspaces.com\/fr\/2026\/03\/19\/vortek-spaces-4-0-47439-0-notes-version\/#breadcrumb\"},\"inLanguage\":\"fr-FR\",\"potentialAction\":[{\"@type\":\"ReadAction\",\"target\":[\"https:\/\/vortekspaces.com\/fr\/2026\/03\/19\/vortek-spaces-4-0-47439-0-notes-version\/\"]}]},{\"@type\":\"ImageObject\",\"inLanguage\":\"fr-FR\",\"@id\":\"https:\/\/vortekspaces.com\/fr\/2026\/03\/19\/vortek-spaces-4-0-47439-0-notes-version\/#primaryimage\",\"url\":\"https:\/\/vortekspaces.com\/wp-content\/uploads\/2026\/04\/Condo-Demo3.jpg\",\"contentUrl\":\"https:\/\/vortekspaces.com\/wp-content\/uploads\/2026\/04\/Condo-Demo3.jpg\",\"width\":2560,\"height\":1440},{\"@type\":\"BreadcrumbList\",\"@id\":\"https:\/\/vortekspaces.com\/fr\/2026\/03\/19\/vortek-spaces-4-0-47439-0-notes-version\/#breadcrumb\",\"itemListElement\":[{\"@type\":\"ListItem\",\"position\":1,\"name\":\"Accueil\",\"item\":\"https:\/\/vortekspaces.com\/fr\/\"},{\"@type\":\"ListItem\",\"position\":2,\"name\":\"Remplacement de mod\u00e8le import\u00e9s depuis un CAO, refonte du navigateur de projets &amp; plus encore\"}]},{\"@type\":\"WebSite\",\"@id\":\"https:\/\/vortekspaces.com\/fr\/#website\",\"url\":\"https:\/\/vortekspaces.com\/fr\/\",\"name\":\"VORTEK Spaces\",\"description\":\"Pr\u00e9sentation 3D pour tous!\",\"publisher\":{\"@id\":\"https:\/\/vortekspaces.com\/fr\/#organization\"},\"potentialAction\":[{\"@type\":\"SearchAction\",\"target\":{\"@type\":\"EntryPoint\",\"urlTemplate\":\"https:\/\/vortekspaces.com\/fr\/?s={search_term_string}\"},\"query-input\":{\"@type\":\"PropertyValueSpecification\",\"valueRequired\":true,\"valueName\":\"search_term_string\"}}],\"inLanguage\":\"fr-FR\"},{\"@type\":\"Organization\",\"@id\":\"https:\/\/vortekspaces.com\/fr\/#organization\",\"name\":\"Spaces\",\"url\":\"https:\/\/vortekspaces.com\/fr\/\",\"logo\":{\"@type\":\"ImageObject\",\"inLanguage\":\"fr-FR\",\"@id\":\"https:\/\/vortekspaces.com\/fr\/#\/schema\/logo\/image\/\",\"url\":\"https:\/\/vortekspaces.com\/wp-content\/uploads\/2020\/02\/logo-spaces.svg\",\"contentUrl\":\"https:\/\/vortekspaces.com\/wp-content\/uploads\/2020\/02\/logo-spaces.svg\",\"width\":261,\"height\":84,\"caption\":\"Spaces\"},\"image\":{\"@id\":\"https:\/\/vortekspaces.com\/fr\/#\/schema\/logo\/image\/\"}},{\"@type\":\"Person\",\"@id\":\"https:\/\/vortekspaces.com\/fr\/#\/schema\/person\/6728fde90db2020bf86f627e30939019\",\"name\":\"swmmerette\",\"image\":{\"@type\":\"ImageObject\",\"inLanguage\":\"fr-FR\",\"@id\":\"https:\/\/vortekspaces.com\/fr\/#\/schema\/person\/image\/\",\"url\":\"https:\/\/secure.gravatar.com\/avatar\/af242c4a7c9b5cdcaf0ea3f21b0c9927a688ef8c3c6ce92052a4d68302f35eb8?s=96&d=mm&r=g\",\"contentUrl\":\"https:\/\/secure.gravatar.com\/avatar\/af242c4a7c9b5cdcaf0ea3f21b0c9927a688ef8c3c6ce92052a4d68302f35eb8?s=96&d=mm&r=g\",\"caption\":\"swmmerette\"},\"url\":\"https:\/\/vortekspaces.com\/fr\/author\/swmmerette\/\"}]}<\/script>\n<!-- \/ Yoast SEO plugin. -->","yoast_head_json":{"title":"Remplacement de mod\u00e8le import\u00e9s depuis un CAO, refonte du navigateur de projets &amp; plus encore - VORTEK Spaces","robots":{"index":"index","follow":"follow","max-snippet":"max-snippet:-1","max-image-preview":"max-image-preview:large","max-video-preview":"max-video-preview:-1"},"canonical":"https:\/\/vortekspaces.com\/fr\/2026\/03\/19\/vortek-spaces-4-0-47439-0-notes-version\/","og_locale":"fr_FR","og_type":"article","og_title":"Remplacement de mod\u00e8le import\u00e9s depuis un CAO, refonte du navigateur de projets &amp; plus encore - VORTEK Spaces","og_description":"Version 4.0.47439.0 \u00b7 19 mars 2026 \u00b7 Tous les utilisateurs La mise \u00e0 jour du 19 mars 2026 de VORTEK Spaces ajoute une fonctionnalit\u00e9 tr\u00e8s demand\u00e9e par les \u00e9b\u00e9nistes, menuisiers et designers : la possibilit\u00e9 de remplacer des mod\u00e8les import\u00e9s depuis un CAO \u2014 \u00e9lectrom\u00e9nagers, armoires et plus encore \u2014 par des \u00e9l\u00e9ments de la [&hellip;]","og_url":"https:\/\/vortekspaces.com\/fr\/2026\/03\/19\/vortek-spaces-4-0-47439-0-notes-version\/","og_site_name":"VORTEK Spaces","article_published_time":"2026-03-19T14:01:53+00:00","article_modified_time":"2026-04-27T18:43:44+00:00","og_image":[{"width":1024,"height":576,"url":"https:\/\/vortekspaces.com\/wp-content\/uploads\/2026\/04\/Condo-Demo3-1024x576.jpg","type":"image\/jpeg"}],"author":"swmmerette","twitter_card":"summary_large_image","twitter_misc":{"\u00c9crit par":"swmmerette","Dur\u00e9e de lecture estim\u00e9e":"6 minutes"},"schema":{"@context":"https:\/\/schema.org","@graph":[{"@type":"Article","@id":"https:\/\/vortekspaces.com\/fr\/2026\/03\/19\/vortek-spaces-4-0-47439-0-notes-version\/#article","isPartOf":{"@id":"https:\/\/vortekspaces.com\/fr\/2026\/03\/19\/vortek-spaces-4-0-47439-0-notes-version\/"},"author":{"name":"swmmerette","@id":"https:\/\/vortekspaces.com\/fr\/#\/schema\/person\/6728fde90db2020bf86f627e30939019"},"headline":"Remplacement de mod\u00e8le import\u00e9s depuis un CAO, refonte du navigateur de projets &amp; plus encore","datePublished":"2026-03-19T14:01:53+00:00","dateModified":"2026-04-27T18:43:44+00:00","mainEntityOfPage":{"@id":"https:\/\/vortekspaces.com\/fr\/2026\/03\/19\/vortek-spaces-4-0-47439-0-notes-version\/"},"wordCount":1493,"publisher":{"@id":"https:\/\/vortekspaces.com\/fr\/#organization"},"image":{"@id":"https:\/\/vortekspaces.com\/fr\/2026\/03\/19\/vortek-spaces-4-0-47439-0-notes-version\/#primaryimage"},"thumbnailUrl":"https:\/\/vortekspaces.com\/wp-content\/uploads\/2026\/04\/Condo-Demo3.jpg","articleSection":["Notes de version"],"inLanguage":"fr-FR"},{"@type":"WebPage","@id":"https:\/\/vortekspaces.com\/fr\/2026\/03\/19\/vortek-spaces-4-0-47439-0-notes-version\/","url":"https:\/\/vortekspaces.com\/fr\/2026\/03\/19\/vortek-spaces-4-0-47439-0-notes-version\/","name":"Remplacement de mod\u00e8le import\u00e9s depuis un CAO, refonte du navigateur de projets &amp; plus encore - VORTEK Spaces","isPartOf":{"@id":"https:\/\/vortekspaces.com\/fr\/#website"},"primaryImageOfPage":{"@id":"https:\/\/vortekspaces.com\/fr\/2026\/03\/19\/vortek-spaces-4-0-47439-0-notes-version\/#primaryimage"},"image":{"@id":"https:\/\/vortekspaces.com\/fr\/2026\/03\/19\/vortek-spaces-4-0-47439-0-notes-version\/#primaryimage"},"thumbnailUrl":"https:\/\/vortekspaces.com\/wp-content\/uploads\/2026\/04\/Condo-Demo3.jpg","datePublished":"2026-03-19T14:01:53+00:00","dateModified":"2026-04-27T18:43:44+00:00","breadcrumb":{"@id":"https:\/\/vortekspaces.com\/fr\/2026\/03\/19\/vortek-spaces-4-0-47439-0-notes-version\/#breadcrumb"},"inLanguage":"fr-FR","potentialAction":[{"@type":"ReadAction","target":["https:\/\/vortekspaces.com\/fr\/2026\/03\/19\/vortek-spaces-4-0-47439-0-notes-version\/"]}]},{"@type":"ImageObject","inLanguage":"fr-FR","@id":"https:\/\/vortekspaces.com\/fr\/2026\/03\/19\/vortek-spaces-4-0-47439-0-notes-version\/#primaryimage","url":"https:\/\/vortekspaces.com\/wp-content\/uploads\/2026\/04\/Condo-Demo3.jpg","contentUrl":"https:\/\/vortekspaces.com\/wp-content\/uploads\/2026\/04\/Condo-Demo3.jpg","width":2560,"height":1440},{"@type":"BreadcrumbList","@id":"https:\/\/vortekspaces.com\/fr\/2026\/03\/19\/vortek-spaces-4-0-47439-0-notes-version\/#breadcrumb","itemListElement":[{"@type":"ListItem","position":1,"name":"Accueil","item":"https:\/\/vortekspaces.com\/fr\/"},{"@type":"ListItem","position":2,"name":"Remplacement de mod\u00e8le import\u00e9s depuis un CAO, refonte du navigateur de projets &amp; plus encore"}]},{"@type":"WebSite","@id":"https:\/\/vortekspaces.com\/fr\/#website","url":"https:\/\/vortekspaces.com\/fr\/","name":"VORTEK Spaces","description":"Pr\u00e9sentation 3D pour tous!","publisher":{"@id":"https:\/\/vortekspaces.com\/fr\/#organization"},"potentialAction":[{"@type":"SearchAction","target":{"@type":"EntryPoint","urlTemplate":"https:\/\/vortekspaces.com\/fr\/?s={search_term_string}"},"query-input":{"@type":"PropertyValueSpecification","valueRequired":true,"valueName":"search_term_string"}}],"inLanguage":"fr-FR"},{"@type":"Organization","@id":"https:\/\/vortekspaces.com\/fr\/#organization","name":"Spaces","url":"https:\/\/vortekspaces.com\/fr\/","logo":{"@type":"ImageObject","inLanguage":"fr-FR","@id":"https:\/\/vortekspaces.com\/fr\/#\/schema\/logo\/image\/","url":"https:\/\/vortekspaces.com\/wp-content\/uploads\/2020\/02\/logo-spaces.svg","contentUrl":"https:\/\/vortekspaces.com\/wp-content\/uploads\/2020\/02\/logo-spaces.svg","width":261,"height":84,"caption":"Spaces"},"image":{"@id":"https:\/\/vortekspaces.com\/fr\/#\/schema\/logo\/image\/"}},{"@type":"Person","@id":"https:\/\/vortekspaces.com\/fr\/#\/schema\/person\/6728fde90db2020bf86f627e30939019","name":"swmmerette","image":{"@type":"ImageObject","inLanguage":"fr-FR","@id":"https:\/\/vortekspaces.com\/fr\/#\/schema\/person\/image\/","url":"https:\/\/secure.gravatar.com\/avatar\/af242c4a7c9b5cdcaf0ea3f21b0c9927a688ef8c3c6ce92052a4d68302f35eb8?s=96&d=mm&r=g","contentUrl":"https:\/\/secure.gravatar.com\/avatar\/af242c4a7c9b5cdcaf0ea3f21b0c9927a688ef8c3c6ce92052a4d68302f35eb8?s=96&d=mm&r=g","caption":"swmmerette"},"url":"https:\/\/vortekspaces.com\/fr\/author\/swmmerette\/"}]}},"featured_image_url":"https:\/\/vortekspaces.com\/wp-content\/uploads\/2026\/04\/Condo-Demo3.jpg","_links":{"self":[{"href":"https:\/\/vortekspaces.com\/fr\/wp-json\/wp\/v2\/posts\/51793","targetHints":{"allow":["GET"]}}],"collection":[{"href":"https:\/\/vortekspaces.com\/fr\/wp-json\/wp\/v2\/posts"}],"about":[{"href":"https:\/\/vortekspaces.com\/fr\/wp-json\/wp\/v2\/types\/post"}],"author":[{"embeddable":true,"href":"https:\/\/vortekspaces.com\/fr\/wp-json\/wp\/v2\/users\/16398"}],"replies":[{"embeddable":true,"href":"https:\/\/vortekspaces.com\/fr\/wp-json\/wp\/v2\/comments?post=51793"}],"version-history":[{"count":24,"href":"https:\/\/vortekspaces.com\/fr\/wp-json\/wp\/v2\/posts\/51793\/revisions"}],"predecessor-version":[{"id":51998,"href":"https:\/\/vortekspaces.com\/fr\/wp-json\/wp\/v2\/posts\/51793\/revisions\/51998"}],"wp:featuredmedia":[{"embeddable":true,"href":"https:\/\/vortekspaces.com\/fr\/wp-json\/wp\/v2\/media\/51845"}],"wp:attachment":[{"href":"https:\/\/vortekspaces.com\/fr\/wp-json\/wp\/v2\/media?parent=51793"}],"wp:term":[{"taxonomy":"category","embeddable":true,"href":"https:\/\/vortekspaces.com\/fr\/wp-json\/wp\/v2\/categories?post=51793"},{"taxonomy":"post_tag","embeddable":true,"href":"https:\/\/vortekspaces.com\/fr\/wp-json\/wp\/v2\/tags?post=51793"}],"curies":[{"name":"wp","href":"https:\/\/api.w.org\/{rel}","templated":true}]}}