{"id":30989,"date":"2025-06-16T15:58:00","date_gmt":"2025-06-16T19:58:00","guid":{"rendered":"https:\/\/vortekspaces.com\/?p=30989"},"modified":"2026-04-29T14:27:18","modified_gmt":"2026-04-29T18:27:18","slug":"nouveaux-materiaux-et-modeles-3d-hiver-printemps-2025","status":"publish","type":"post","link":"https:\/\/vortekspaces.com\/fr\/2025\/06\/16\/nouveaux-materiaux-et-modeles-3d-hiver-printemps-2025\/","title":{"rendered":"Nouveaux mat\u00e9riaux et mod\u00e8les 3D"},"content":{"rendered":"\n<p><strong>16 juin 2024<\/strong><\/p>\n\n\n\n<p class=\"big-text\">Voici les derni\u00e8res nouveaut\u00e9s en mati\u00e8re de mat\u00e9riaux et de mod\u00e8les 3D \u00e0 ne pas manquer sur VORTEK Spaces !<\/p>\n\n\n\n<h2 class=\"wp-block-heading\">Skyboxes g\u00e9n\u00e9r\u00e9es par l&#8217;IA<\/h2>\n\n\n\n<p>Nous sommes ravis de vous pr\u00e9senter la toute premi\u00e8re (mais certainement pas la derni\u00e8re) utilisation de l\u2019intelligence artificielle dans VORTEK Spaces : une collection compl\u00e8te d\u2019environnements synth\u00e9tiques inspir\u00e9s directement de vos demandes.<\/p>\n\n\n\n<p>Des paysages canadiens pittoresques aux plages ensoleill\u00e9es de Miami, en passant par les arri\u00e8re-cours de banlieue, ce nouveau forfait offre une grande vari\u00e9t\u00e9 de d\u00e9cors pour donner vie \u00e0 vos projets comme jamais auparavant.<\/p>\n\n\n\n<p>Nous voulons savoir ce que vous en pensez : les aimez-vous ? Vous en voulez d&#8217;autres ? N&#8217;h\u00e9sitez pas \u00e0 nous le faire savoir !  <\/p>\n\n\n\n<figure class=\"wp-block-image is-resized\"><img loading=\"lazy\" decoding=\"async\" width=\"300\" height=\"300\" src=\"https:\/\/vortekspaces.com\/wp-content\/uploads\/2024\/10\/skyboxesai-300x300.png\" alt=\"\" class=\"wp-image-31325\" style=\"aspect-ratio:1;object-fit:cover;width:300px\" srcset=\"https:\/\/vortekspaces.com\/wp-content\/uploads\/2024\/10\/skyboxesai-300x300.png 300w, https:\/\/vortekspaces.com\/wp-content\/uploads\/2024\/10\/skyboxesai-100x100.png 100w, https:\/\/vortekspaces.com\/wp-content\/uploads\/2024\/10\/skyboxesai-600x599.png 600w, https:\/\/vortekspaces.com\/wp-content\/uploads\/2024\/10\/skyboxesai-1024x1024.png 1024w, https:\/\/vortekspaces.com\/wp-content\/uploads\/2024\/10\/skyboxesai-150x150.png 150w, https:\/\/vortekspaces.com\/wp-content\/uploads\/2024\/10\/skyboxesai-768x767.png 768w, https:\/\/vortekspaces.com\/wp-content\/uploads\/2024\/10\/skyboxesai-1536x1534.png 1536w, https:\/\/vortekspaces.com\/wp-content\/uploads\/2024\/10\/skyboxesai.png 1974w\" sizes=\"auto, (max-width: 300px) 100vw, 300px\" \/><\/figure>\n\n\n\n<h2 class=\"wp-block-heading\">Fisher et Paykelf<\/h2>\n\n\n\n<p>Cr\u00e9ez de superbes designs avec notre nouvelle gamme d&#8217;appareils de cuisine de luxe tr\u00e8s demand\u00e9s de Fisher and Paykel.<\/p>\n\n\n\n<figure class=\"wp-block-image is-resized\"><img loading=\"lazy\" decoding=\"async\" width=\"300\" height=\"300\" src=\"https:\/\/vortekspaces.com\/wp-content\/uploads\/2024\/10\/fisherandpaykel-300x300.png\" alt=\"\" class=\"wp-image-30985\" style=\"aspect-ratio:1;object-fit:cover;width:300px\" srcset=\"https:\/\/vortekspaces.com\/wp-content\/uploads\/2024\/10\/fisherandpaykel-300x300.png 300w, https:\/\/vortekspaces.com\/wp-content\/uploads\/2024\/10\/fisherandpaykel-100x100.png 100w, https:\/\/vortekspaces.com\/wp-content\/uploads\/2024\/10\/fisherandpaykel-600x600.png 600w, https:\/\/vortekspaces.com\/wp-content\/uploads\/2024\/10\/fisherandpaykel-1024x1024.png 1024w, https:\/\/vortekspaces.com\/wp-content\/uploads\/2024\/10\/fisherandpaykel-150x150.png 150w, https:\/\/vortekspaces.com\/wp-content\/uploads\/2024\/10\/fisherandpaykel-768x768.png 768w, https:\/\/vortekspaces.com\/wp-content\/uploads\/2024\/10\/fisherandpaykel-1536x1536.png 1536w, https:\/\/vortekspaces.com\/wp-content\/uploads\/2024\/10\/fisherandpaykel.png 1973w\" sizes=\"auto, (max-width: 300px) 100vw, 300px\" \/><\/figure>\n\n\n\n<h2 class=\"wp-block-heading\">D\u00e9voilement Design 2024 d\u2019ARAUCO<\/h2>\n\n\n\n<p>D\u00e9couvrez la nouvelle collection s\u00e9lectionn\u00e9e avec soin pour vous permettre de respirer et de profiter pleinement de vos espaces.<\/p>\n\n\n\n<figure class=\"wp-block-image is-resized\"><img loading=\"lazy\" decoding=\"async\" width=\"300\" height=\"300\" src=\"https:\/\/vortekspaces.com\/wp-content\/uploads\/2024\/10\/arauco2024-300x300.png\" alt=\"\" class=\"wp-image-31332\" style=\"object-fit:cover;width:300px;height:300px\" srcset=\"https:\/\/vortekspaces.com\/wp-content\/uploads\/2024\/10\/arauco2024-300x300.png 300w, https:\/\/vortekspaces.com\/wp-content\/uploads\/2024\/10\/arauco2024-100x100.png 100w, https:\/\/vortekspaces.com\/wp-content\/uploads\/2024\/10\/arauco2024-600x601.png 600w, https:\/\/vortekspaces.com\/wp-content\/uploads\/2024\/10\/arauco2024-1022x1024.png 1022w, https:\/\/vortekspaces.com\/wp-content\/uploads\/2024\/10\/arauco2024-150x150.png 150w, https:\/\/vortekspaces.com\/wp-content\/uploads\/2024\/10\/arauco2024-768x769.png 768w, https:\/\/vortekspaces.com\/wp-content\/uploads\/2024\/10\/arauco2024-1534x1536.png 1534w, https:\/\/vortekspaces.com\/wp-content\/uploads\/2024\/10\/arauco2024.png 1969w\" sizes=\"auto, (max-width: 300px) 100vw, 300px\" \/><\/figure>\n\n\n\n<h2 class=\"wp-block-heading\">Sublime Collection Polymer Silky touch<\/h2>\n\n\n\n<p>D\u00e9couvrez une grande vari\u00e9t\u00e9 de couleurs mates et soyeuses de la collection Sublime, d\u00e9sormais disponibles directement dans VORTEK Spaces.<\/p>\n\n\n\n<figure class=\"wp-block-image is-resized\"><img loading=\"lazy\" decoding=\"async\" width=\"300\" height=\"300\" src=\"https:\/\/vortekspaces.com\/wp-content\/uploads\/2024\/10\/sublime-silkytouch-300x300.png\" alt=\"\" class=\"wp-image-31541\" style=\"object-fit:cover;width:300px;height:300px\" srcset=\"https:\/\/vortekspaces.com\/wp-content\/uploads\/2024\/10\/sublime-silkytouch-300x300.png 300w, https:\/\/vortekspaces.com\/wp-content\/uploads\/2024\/10\/sublime-silkytouch-100x100.png 100w, https:\/\/vortekspaces.com\/wp-content\/uploads\/2024\/10\/sublime-silkytouch-600x601.png 600w, https:\/\/vortekspaces.com\/wp-content\/uploads\/2024\/10\/sublime-silkytouch-1024x1024.png 1024w, https:\/\/vortekspaces.com\/wp-content\/uploads\/2024\/10\/sublime-silkytouch-150x150.png 150w, https:\/\/vortekspaces.com\/wp-content\/uploads\/2024\/10\/sublime-silkytouch-768x769.png 768w, https:\/\/vortekspaces.com\/wp-content\/uploads\/2024\/10\/sublime-silkytouch-1534x1536.png 1534w, https:\/\/vortekspaces.com\/wp-content\/uploads\/2024\/10\/sublime-silkytouch.png 1976w\" sizes=\"auto, (max-width: 300px) 100vw, 300px\" \/><\/figure>\n\n\n\n<h2 class=\"wp-block-heading\">Prime Panels nouvelles couleurs<\/h2>\n\n\n\n<p>Utilisateurs de Nouvelle-Z\u00e9lande, vous pouvez maintenant retrouver les nouvelles couleurs de stratifi\u00e9s Prime Panels dans la cat\u00e9gorie Armoires.<\/p>\n\n\n\n<figure class=\"wp-block-image is-resized\"><img loading=\"lazy\" decoding=\"async\" width=\"300\" height=\"300\" src=\"https:\/\/vortekspaces.com\/wp-content\/uploads\/2024\/11\/primenz-300x300.png\" alt=\"\" class=\"wp-image-31854\" style=\"object-fit:cover;width:300px;height:300px\" srcset=\"https:\/\/vortekspaces.com\/wp-content\/uploads\/2024\/11\/primenz-300x300.png 300w, https:\/\/vortekspaces.com\/wp-content\/uploads\/2024\/11\/primenz-100x100.png 100w, https:\/\/vortekspaces.com\/wp-content\/uploads\/2024\/11\/primenz-600x600.png 600w, https:\/\/vortekspaces.com\/wp-content\/uploads\/2024\/11\/primenz-1024x1024.png 1024w, https:\/\/vortekspaces.com\/wp-content\/uploads\/2024\/11\/primenz-150x150.png 150w, https:\/\/vortekspaces.com\/wp-content\/uploads\/2024\/11\/primenz-768x768.png 768w, https:\/\/vortekspaces.com\/wp-content\/uploads\/2024\/11\/primenz-1536x1536.png 1536w, https:\/\/vortekspaces.com\/wp-content\/uploads\/2024\/11\/primenz.png 1970w\" sizes=\"auto, (max-width: 300px) 100vw, 300px\" \/><\/figure>\n\n\n\n<h2 class=\"wp-block-heading\">Mise \u00e0 jour de HanStone<\/h2>\n\n\n\n<p>Nous avons mis \u00e0 jour notre catalogue avec de nouveaux mat\u00e9riaux de HanStone Quartz, notamment Awaken, Montauk, Chantilly, etc.<\/p>\n\n\n\n<p>Explorez ces surfaces \u00e9l\u00e9gantes dans VORTEK Spaces pour apporter un style raffin\u00e9 et r\u00e9aliste \u00e0 vos conceptions de cuisine et de salle de bain.<\/p>\n\n\n\n<figure class=\"wp-block-image is-resized\"><img loading=\"lazy\" decoding=\"async\" width=\"300\" height=\"300\" src=\"https:\/\/vortekspaces.com\/wp-content\/uploads\/2024\/11\/hanstone-300x300.png\" alt=\"\" class=\"wp-image-31858\" style=\"object-fit:cover;width:300px;height:300px\" srcset=\"https:\/\/vortekspaces.com\/wp-content\/uploads\/2024\/11\/hanstone-300x300.png 300w, https:\/\/vortekspaces.com\/wp-content\/uploads\/2024\/11\/hanstone-100x100.png 100w, https:\/\/vortekspaces.com\/wp-content\/uploads\/2024\/11\/hanstone-600x600.png 600w, https:\/\/vortekspaces.com\/wp-content\/uploads\/2024\/11\/hanstone-1024x1024.png 1024w, https:\/\/vortekspaces.com\/wp-content\/uploads\/2024\/11\/hanstone-150x150.png 150w, https:\/\/vortekspaces.com\/wp-content\/uploads\/2024\/11\/hanstone-768x768.png 768w, https:\/\/vortekspaces.com\/wp-content\/uploads\/2024\/11\/hanstone-1536x1536.png 1536w, https:\/\/vortekspaces.com\/wp-content\/uploads\/2024\/11\/hanstone.png 1974w\" sizes=\"auto, (max-width: 300px) 100vw, 300px\" \/><\/figure>\n\n\n\n<h2 class=\"wp-block-heading\">Davantage d\u2019\u00e9l\u00e9ments ext\u00e9rieurs<\/h2>\n\n\n\n<p>Saviez-vous que VORTEK Spaces n&#8217;est pas seulement id\u00e9al pour les rendus d&#8217;int\u00e9rieur, mais qu&#8217;il est de plus en plus utilis\u00e9 pour des projets r\u00e9sidentiels complets ?<\/p>\n\n\n\n<p>Pour cela, nous avons enrichi la biblioth\u00e8que de VORTEK Spaces avec de nouvelles voitures, des plantes d&#8217;ext\u00e9rieur, des meubles de patio et bien plus encore, afin de vous permettre de cr\u00e9er facilement des sc\u00e8nes ext\u00e9rieures saisissantes.<\/p>\n\n\n\n<figure class=\"wp-block-image is-resized\"><img loading=\"lazy\" decoding=\"async\" width=\"300\" height=\"300\" src=\"https:\/\/vortekspaces.com\/wp-content\/uploads\/2024\/11\/cars-300x300.png\" alt=\"\" class=\"wp-image-31860\" style=\"object-fit:cover;width:300px;height:300px\" srcset=\"https:\/\/vortekspaces.com\/wp-content\/uploads\/2024\/11\/cars-300x300.png 300w, https:\/\/vortekspaces.com\/wp-content\/uploads\/2024\/11\/cars-100x100.png 100w, https:\/\/vortekspaces.com\/wp-content\/uploads\/2024\/11\/cars-600x600.png 600w, https:\/\/vortekspaces.com\/wp-content\/uploads\/2024\/11\/cars-1024x1024.png 1024w, https:\/\/vortekspaces.com\/wp-content\/uploads\/2024\/11\/cars-150x150.png 150w, https:\/\/vortekspaces.com\/wp-content\/uploads\/2024\/11\/cars-768x768.png 768w, https:\/\/vortekspaces.com\/wp-content\/uploads\/2024\/11\/cars-1536x1536.png 1536w, https:\/\/vortekspaces.com\/wp-content\/uploads\/2024\/11\/cars.png 1973w\" sizes=\"auto, (max-width: 300px) 100vw, 300px\" \/><\/figure>\n\n\n\n<h2 class=\"wp-block-heading\">Hottes de cuisine en bois<\/h2>\n\n\n\n<p>Nous sommes ravis de vous pr\u00e9senter nos nouvelles hottes en bois, con\u00e7ues pour rehausser la pr\u00e9sentation des cuisines haut de gamme et luxueuses.<\/p>\n\n\n\n<p>Fabriqu\u00e9s avec des textures riches et des proportions \u00e9l\u00e9gantes, ces mod\u00e8les ajoutent de la chaleur et de la sophistication \u00e0 vos cr\u00e9ations, compl\u00e9tant parfaitement les armoires personnalis\u00e9es et les finitions haut de gamme.<\/p>\n\n\n\n<p>Incorporez-les \u00e0 votre prochain projet pour mettre instantan\u00e9ment en valeur un go\u00fbt raffin\u00e9 et un savoir-faire intemporel.<\/p>\n\n\n\n<figure class=\"wp-block-image is-resized\"><img loading=\"lazy\" decoding=\"async\" width=\"300\" height=\"300\" src=\"https:\/\/vortekspaces.com\/wp-content\/uploads\/2025\/05\/image-5-300x300.jpg\" alt=\"Hotte en bois\" class=\"wp-image-40598\" style=\"object-fit:cover;width:300px;height:300px\" srcset=\"https:\/\/vortekspaces.com\/wp-content\/uploads\/2025\/05\/image-5-300x300.jpg 300w, https:\/\/vortekspaces.com\/wp-content\/uploads\/2025\/05\/image-5-150x150.jpg 150w, https:\/\/vortekspaces.com\/wp-content\/uploads\/2025\/05\/image-5-768x768.jpg 768w, https:\/\/vortekspaces.com\/wp-content\/uploads\/2025\/05\/image-5-600x600.jpg 600w, https:\/\/vortekspaces.com\/wp-content\/uploads\/2025\/05\/image-5-100x100.jpg 100w, https:\/\/vortekspaces.com\/wp-content\/uploads\/2025\/05\/image-5.jpg 800w\" sizes=\"auto, (max-width: 300px) 100vw, 300px\" \/><\/figure>\n\n\n\n<h2 class=\"wp-block-heading\">Remplisseurs de pots Brizo<\/h2>\n\n\n\n<p>Nous sommes heureux d&#8217;introduire les remplisseurs de pots Brizo dans le catalogue de mod\u00e8les 3D de VORTEK Spaces.<\/p>\n\n\n\n<p>Brizo, connu pour son \u00e9l\u00e9gance respectueuse de l&#8217;environnement et son esth\u00e9tique prim\u00e9e, apporte \u00e0 la fois fonctionnalit\u00e9 et \u00e9l\u00e9gance au c\u0153ur de la cuisine. Ses remplisseurs de casseroles ajoutent une touche de sophistication et une v\u00e9ritable commodit\u00e9 aux cuisines de luxe. <\/p>\n\n\n\n<p>Ces appareils raffin\u00e9s s&#8217;harmonisent parfaitement avec les appareils \u00e9lectrom\u00e9nagers haut de gamme et les armoires, soulignant \u00e0 la fois l&#8217;aspect pratique et le go\u00fbt raffin\u00e9.<\/p>\n\n\n\n<p>Incorporez-les dans votre prochain projet pour accro\u00eetre le r\u00e9alisme, mettre en valeur l&#8217;attention port\u00e9e aux d\u00e9tails et am\u00e9liorer l&#8217;exp\u00e9rience de l&#8217;utilisateur dans les pr\u00e9sentations de cuisines haut de gamme.<\/p>\n\n\n\n<figure class=\"wp-block-image is-resized\"><img loading=\"lazy\" decoding=\"async\" width=\"300\" height=\"300\" src=\"https:\/\/vortekspaces.com\/wp-content\/uploads\/2025\/05\/image-4-300x300.jpg\" alt=\"Brizo Pot Filler\" class=\"wp-image-40600\" style=\"object-fit:cover;width:300px;height:300px\" srcset=\"https:\/\/vortekspaces.com\/wp-content\/uploads\/2025\/05\/image-4-300x300.jpg 300w, https:\/\/vortekspaces.com\/wp-content\/uploads\/2025\/05\/image-4-150x150.jpg 150w, https:\/\/vortekspaces.com\/wp-content\/uploads\/2025\/05\/image-4-768x769.jpg 768w, https:\/\/vortekspaces.com\/wp-content\/uploads\/2025\/05\/image-4-600x601.jpg 600w, https:\/\/vortekspaces.com\/wp-content\/uploads\/2025\/05\/image-4-100x100.jpg 100w, https:\/\/vortekspaces.com\/wp-content\/uploads\/2025\/05\/image-4.jpg 799w\" sizes=\"auto, (max-width: 300px) 100vw, 300px\" \/><\/figure>\n\n\n\n<h2 class=\"wp-block-heading\">Aquariums<\/h2>\n\n\n\n<p>Nous avons ajout\u00e9 au catalogue VORTEK Spaces 3D de nouveaux mod\u00e8les d&#8217;aquariums r\u00e9alistes, parfaits pour apporter vie et tranquillit\u00e9 \u00e0 vos designs d&#8217;int\u00e9rieur.<\/p>\n\n\n\n<p>L&#8217;aquarium ajoute du mouvement, de la couleur et de l&#8217;int\u00e9r\u00eat visuel \u00e0 n&#8217;importe quel espace. Utilisez-le pour enrichir votre prochain projet d&#8217;une \u00e9l\u00e9gance naturelle et d&#8217;une atmosph\u00e8re sereine et haut de gamme que vos clients appr\u00e9cieront. <\/p>\n\n\n\n<figure class=\"wp-block-image is-resized\"><img loading=\"lazy\" decoding=\"async\" width=\"300\" height=\"169\" src=\"https:\/\/vortekspaces.com\/wp-content\/uploads\/2025\/05\/Aquarium-300x169.jpg\" alt=\"\" class=\"wp-image-40604\" style=\"object-fit:cover;width:300px;height:169px\" srcset=\"https:\/\/vortekspaces.com\/wp-content\/uploads\/2025\/05\/Aquarium-300x169.jpg 300w, https:\/\/vortekspaces.com\/wp-content\/uploads\/2025\/05\/Aquarium-768x432.jpg 768w, https:\/\/vortekspaces.com\/wp-content\/uploads\/2025\/05\/Aquarium-600x338.jpg 600w, https:\/\/vortekspaces.com\/wp-content\/uploads\/2025\/05\/Aquarium.jpg 800w\" sizes=\"auto, (max-width: 300px) 100vw, 300px\" \/><\/figure>\n\n\n\n<h2 class=\"wp-block-heading\">Et bien plus encore !<\/h2>\n\n\n\n<p>Nouveaux mat\u00e9riaux de Ceasarstone, Formica, Wilsonart, Stone Ambassador, Technistone, Permacon.<\/p>\n\n\n\n<p>Nouvelles fen\u00eatres en forme d&#8217;arche.<\/p>\n\n\n\n<p>Salon Woodstock.<\/p>\n\n\n\n<p>Ne manquez pas les nouvelles collections Soligo : Carra, Micra, Dover et Sand.<\/p>\n\n\n\n<p>D\u00e9couvrez la marque de toiture nord-am\u00e9ricaine IKO pour tous vos nouveaux projets r\u00e9sidentiels.<\/p>\n\n\n\n<p>Vous cherchez de belles \u00e9tag\u00e8res pour votre prochain projet ? Essayez la nouvelle marque canadienne De Gasp\u00e9 ! <\/p>\n\n\n\n<p>Vous avez d\u00e9j\u00e0 essay\u00e9 certains de nos escaliers, mais vous souhaitez les personnaliser davantage ? Nous avons mis \u00e0 jour nos mod\u00e8les pour les rendre plus faciles \u00e0 adapter \u00e0 vos besoins, avec des pi\u00e8ces de garde-corps inviduelles \u00e9galement disponibles. <\/p>\n\n\n\n<p>De plus, de nouvelles textures de miroirs fum\u00e9s ont \u00e9t\u00e9 ajout\u00e9es \u00e0 la cat\u00e9gorie des verres et miroirs et l&#8217;ensemble des chambres \u00e0 coucher a \u00e9t\u00e9 mis \u00e0 jour avec quelques variations de couleurs suppl\u00e9mentaires.<\/p>\n\n\n\n<p>________<\/p>\n\n\n\n<h3 class=\"wp-block-heading\"><span class=\"normaltextrun\">Soutien : Trois fa\u00e7ons de nous contacter<\/span><\/h3>\n\n\n\n<ul class=\"wp-block-list\">\n<li>Besoin d&#8217;un soutien rapide ? Clavarder directement avec un de nos agents. Si personne n\u2019est en ligne au moment o\u00f9 vous laissez un message, soyez certain que nous r\u00e9pondrons le plus rapidement possible. <\/li>\n\n\n\n<li><a href=\"https:\/\/vortekspaces.com\/fr\/soutien\/contactez-nous\/\" data-type=\"link\" data-id=\"https:\/\/vortekspaces.com\/support\/contact-us\/\">Contactez-nous \u00e0<\/a> partir de ce site.<\/li>\n\n\n\n<li>Pour parler directement avec un agent, vous pouvez composer le +1-844-986-7835<\/li>\n<\/ul>\n\n\n\n<h3 class=\"wp-block-heading\"><span class=\"normaltextrun\">Montrez-nous vos projets !<\/span><\/h3>\n\n\n\n<p>C\u2019est le moment de briller ! Envoyez-nous vos plus beaux projets en VOKproj. Notre \u00e9quipe s\u00e9lectionnera certains projets parmi ceux re\u00e7us. Notre \u00e9quipe va reprendre des s\u00e9quences des projets choisis pour les partager sur nos r\u00e9seaux sociaux. Voici une belle occasion de montrer \u00e0 tout le monde ce dont vous \u00eates capable.<\/p>\n\n\n\n<p>N&#8217;h\u00e9sitez pas \u00e0 nous <a href=\"https:\/\/vortekspaces.com\/fr\/soutien\/contactez-nous\/\">contacter<\/a> ou \u00e0 nous taguer sur les m\u00e9dias sociaux :<\/p>\n\n\n\n<ul class=\"wp-block-list\">\n<li><a href=\"https:\/\/www.instagram.com\/vortek_spaces\/\">Instagram<\/a> @vortek_spaces<\/li>\n<\/ul>\n\n\n\n<ul class=\"wp-block-list\">\n<li><a href=\"https:\/\/www.facebook.com\/vortekexp\">Facebook<\/a> @vortekexp<\/li>\n<\/ul>\n\n\n\n<ul class=\"wp-block-list\">\n<li><a href=\"https:\/\/www.linkedin.com\/company\/9262343\/\" data-type=\"link\" data-id=\"https:\/\/www.linkedin.com\/company\/9262343\/\">LinkedIn<\/a> @vortek<\/li>\n<\/ul>\n\n\n\n<h3 class=\"wp-block-heading\">Suivez-nous pour ne rien manquer!<\/h3>\n\n\n\n<p>Nous vous invitons \u00e9galement \u00e0 suivre nos pages sur les m\u00e9dias sociaux pour conna\u00eetre les derni\u00e8res mises \u00e0 jour des logiciels, les nouveaut\u00e9s et les tendances du march\u00e9.<\/p>\n\n\n\n<p>&nbsp;<\/p>\n","protected":false},"excerpt":{"rendered":"<p>16 juin 2024 Voici les derni\u00e8res nouveaut\u00e9s en mati\u00e8re de mat\u00e9riaux et de mod\u00e8les 3D \u00e0 ne pas manquer sur VORTEK Spaces ! Skyboxes g\u00e9n\u00e9r\u00e9es par l&#8217;IA Nous sommes ravis de vous pr\u00e9senter la toute premi\u00e8re (mais certainement pas la derni\u00e8re) utilisation de l\u2019intelligence artificielle dans VORTEK Spaces : une collection compl\u00e8te d\u2019environnements synth\u00e9tiques inspir\u00e9s [&hellip;]<\/p>\n","protected":false},"author":11699,"featured_media":31326,"comment_status":"closed","ping_status":"closed","sticky":false,"template":"","format":"standard","meta":{"_acf_changed":false,"_eb_attr":"","inline_featured_image":false,"_hide_featured_image":true,"_spaces_version":"","footnotes":""},"categories":[45],"tags":[],"class_list":["post-30989","post","type-post","status-publish","format-standard","has-post-thumbnail","hentry","category-materiaux-et-modeles-3d"],"acf":[],"yoast_head":"<!-- This site is optimized with the Yoast SEO plugin v24.9 - https:\/\/yoast.com\/wordpress\/plugins\/seo\/ -->\n<title>Nouveaux mat\u00e9riaux et mod\u00e8les 3D - VORTEK Spaces<\/title>\n<meta name=\"robots\" content=\"index, follow, max-snippet:-1, max-image-preview:large, max-video-preview:-1\" \/>\n<link rel=\"canonical\" href=\"https:\/\/vortekspaces.com\/fr\/2025\/06\/16\/nouveaux-materiaux-et-modeles-3d-hiver-printemps-2025\/\" \/>\n<meta property=\"og:locale\" content=\"fr_FR\" \/>\n<meta property=\"og:type\" content=\"article\" \/>\n<meta property=\"og:title\" content=\"Nouveaux mat\u00e9riaux et mod\u00e8les 3D - VORTEK Spaces\" \/>\n<meta property=\"og:description\" content=\"16 juin 2024 Voici les derni\u00e8res nouveaut\u00e9s en mati\u00e8re de mat\u00e9riaux et de mod\u00e8les 3D \u00e0 ne pas manquer sur VORTEK Spaces ! Skyboxes g\u00e9n\u00e9r\u00e9es par l&#8217;IA Nous sommes ravis de vous pr\u00e9senter la toute premi\u00e8re (mais certainement pas la derni\u00e8re) utilisation de l\u2019intelligence artificielle dans VORTEK Spaces : une collection compl\u00e8te d\u2019environnements synth\u00e9tiques inspir\u00e9s [&hellip;]\" \/>\n<meta property=\"og:url\" content=\"https:\/\/vortekspaces.com\/fr\/2025\/06\/16\/nouveaux-materiaux-et-modeles-3d-hiver-printemps-2025\/\" \/>\n<meta property=\"og:site_name\" content=\"VORTEK Spaces\" \/>\n<meta property=\"article:published_time\" content=\"2025-06-16T19:58:00+00:00\" \/>\n<meta property=\"article:modified_time\" content=\"2026-04-29T18:27:18+00:00\" \/>\n<meta property=\"og:image\" content=\"https:\/\/vortekspaces.com\/wp-content\/uploads\/2024\/10\/skyboxesai-1024x1024.png\" \/>\n\t<meta property=\"og:image:width\" content=\"1024\" \/>\n\t<meta property=\"og:image:height\" content=\"1024\" \/>\n\t<meta property=\"og:image:type\" content=\"image\/png\" \/>\n<meta name=\"author\" content=\"Audrey Vaillancourt\" \/>\n<meta name=\"twitter:card\" content=\"summary_large_image\" \/>\n<meta name=\"twitter:label1\" content=\"\u00c9crit par\" \/>\n\t<meta name=\"twitter:data1\" content=\"Audrey Vaillancourt\" \/>\n\t<meta name=\"twitter:label2\" content=\"Dur\u00e9e de lecture estim\u00e9e\" \/>\n\t<meta name=\"twitter:data2\" content=\"7 minutes\" \/>\n<script type=\"application\/ld+json\" class=\"yoast-schema-graph\">{\"@context\":\"https:\/\/schema.org\",\"@graph\":[{\"@type\":\"Article\",\"@id\":\"https:\/\/vortekspaces.com\/fr\/2025\/06\/16\/nouveaux-materiaux-et-modeles-3d-hiver-printemps-2025\/#article\",\"isPartOf\":{\"@id\":\"https:\/\/vortekspaces.com\/fr\/2025\/06\/16\/nouveaux-materiaux-et-modeles-3d-hiver-printemps-2025\/\"},\"author\":{\"name\":\"Audrey Vaillancourt\",\"@id\":\"https:\/\/vortekspaces.com\/fr\/#\/schema\/person\/5c727eb25d29ac954b7d7bbce2326854\"},\"headline\":\"Nouveaux mat\u00e9riaux et mod\u00e8les 3D\",\"datePublished\":\"2025-06-16T19:58:00+00:00\",\"dateModified\":\"2026-04-29T18:27:18+00:00\",\"mainEntityOfPage\":{\"@id\":\"https:\/\/vortekspaces.com\/fr\/2025\/06\/16\/nouveaux-materiaux-et-modeles-3d-hiver-printemps-2025\/\"},\"wordCount\":989,\"publisher\":{\"@id\":\"https:\/\/vortekspaces.com\/fr\/#organization\"},\"image\":{\"@id\":\"https:\/\/vortekspaces.com\/fr\/2025\/06\/16\/nouveaux-materiaux-et-modeles-3d-hiver-printemps-2025\/#primaryimage\"},\"thumbnailUrl\":\"https:\/\/vortekspaces.com\/wp-content\/uploads\/2024\/10\/skyboxesai.png\",\"articleSection\":[\"Mat\u00e9riaux et mod\u00e8les 3D\"],\"inLanguage\":\"fr-FR\"},{\"@type\":\"WebPage\",\"@id\":\"https:\/\/vortekspaces.com\/fr\/2025\/06\/16\/nouveaux-materiaux-et-modeles-3d-hiver-printemps-2025\/\",\"url\":\"https:\/\/vortekspaces.com\/fr\/2025\/06\/16\/nouveaux-materiaux-et-modeles-3d-hiver-printemps-2025\/\",\"name\":\"Nouveaux mat\u00e9riaux et mod\u00e8les 3D - VORTEK Spaces\",\"isPartOf\":{\"@id\":\"https:\/\/vortekspaces.com\/fr\/#website\"},\"primaryImageOfPage\":{\"@id\":\"https:\/\/vortekspaces.com\/fr\/2025\/06\/16\/nouveaux-materiaux-et-modeles-3d-hiver-printemps-2025\/#primaryimage\"},\"image\":{\"@id\":\"https:\/\/vortekspaces.com\/fr\/2025\/06\/16\/nouveaux-materiaux-et-modeles-3d-hiver-printemps-2025\/#primaryimage\"},\"thumbnailUrl\":\"https:\/\/vortekspaces.com\/wp-content\/uploads\/2024\/10\/skyboxesai.png\",\"datePublished\":\"2025-06-16T19:58:00+00:00\",\"dateModified\":\"2026-04-29T18:27:18+00:00\",\"breadcrumb\":{\"@id\":\"https:\/\/vortekspaces.com\/fr\/2025\/06\/16\/nouveaux-materiaux-et-modeles-3d-hiver-printemps-2025\/#breadcrumb\"},\"inLanguage\":\"fr-FR\",\"potentialAction\":[{\"@type\":\"ReadAction\",\"target\":[\"https:\/\/vortekspaces.com\/fr\/2025\/06\/16\/nouveaux-materiaux-et-modeles-3d-hiver-printemps-2025\/\"]}]},{\"@type\":\"ImageObject\",\"inLanguage\":\"fr-FR\",\"@id\":\"https:\/\/vortekspaces.com\/fr\/2025\/06\/16\/nouveaux-materiaux-et-modeles-3d-hiver-printemps-2025\/#primaryimage\",\"url\":\"https:\/\/vortekspaces.com\/wp-content\/uploads\/2024\/10\/skyboxesai.png\",\"contentUrl\":\"https:\/\/vortekspaces.com\/wp-content\/uploads\/2024\/10\/skyboxesai.png\",\"width\":1974,\"height\":1972},{\"@type\":\"BreadcrumbList\",\"@id\":\"https:\/\/vortekspaces.com\/fr\/2025\/06\/16\/nouveaux-materiaux-et-modeles-3d-hiver-printemps-2025\/#breadcrumb\",\"itemListElement\":[{\"@type\":\"ListItem\",\"position\":1,\"name\":\"Accueil\",\"item\":\"https:\/\/vortekspaces.com\/fr\/\"},{\"@type\":\"ListItem\",\"position\":2,\"name\":\"Nouveaux mat\u00e9riaux et mod\u00e8les 3D\"}]},{\"@type\":\"WebSite\",\"@id\":\"https:\/\/vortekspaces.com\/fr\/#website\",\"url\":\"https:\/\/vortekspaces.com\/fr\/\",\"name\":\"VORTEK Spaces\",\"description\":\"Pr\u00e9sentation 3D pour tous!\",\"publisher\":{\"@id\":\"https:\/\/vortekspaces.com\/fr\/#organization\"},\"potentialAction\":[{\"@type\":\"SearchAction\",\"target\":{\"@type\":\"EntryPoint\",\"urlTemplate\":\"https:\/\/vortekspaces.com\/fr\/?s={search_term_string}\"},\"query-input\":{\"@type\":\"PropertyValueSpecification\",\"valueRequired\":true,\"valueName\":\"search_term_string\"}}],\"inLanguage\":\"fr-FR\"},{\"@type\":\"Organization\",\"@id\":\"https:\/\/vortekspaces.com\/fr\/#organization\",\"name\":\"Spaces\",\"url\":\"https:\/\/vortekspaces.com\/fr\/\",\"logo\":{\"@type\":\"ImageObject\",\"inLanguage\":\"fr-FR\",\"@id\":\"https:\/\/vortekspaces.com\/fr\/#\/schema\/logo\/image\/\",\"url\":\"https:\/\/vortekspaces.com\/wp-content\/uploads\/2020\/02\/logo-spaces.svg\",\"contentUrl\":\"https:\/\/vortekspaces.com\/wp-content\/uploads\/2020\/02\/logo-spaces.svg\",\"width\":261,\"height\":84,\"caption\":\"Spaces\"},\"image\":{\"@id\":\"https:\/\/vortekspaces.com\/fr\/#\/schema\/logo\/image\/\"}},{\"@type\":\"Person\",\"@id\":\"https:\/\/vortekspaces.com\/fr\/#\/schema\/person\/5c727eb25d29ac954b7d7bbce2326854\",\"name\":\"Audrey Vaillancourt\",\"image\":{\"@type\":\"ImageObject\",\"inLanguage\":\"fr-FR\",\"@id\":\"https:\/\/vortekspaces.com\/fr\/#\/schema\/person\/image\/\",\"url\":\"https:\/\/secure.gravatar.com\/avatar\/b9b8e65317de06e712b2e49532b30da5f765c51a3a37863061437808bb5b0642?s=96&d=mm&r=g\",\"contentUrl\":\"https:\/\/secure.gravatar.com\/avatar\/b9b8e65317de06e712b2e49532b30da5f765c51a3a37863061437808bb5b0642?s=96&d=mm&r=g\",\"caption\":\"Audrey Vaillancourt\"},\"url\":\"https:\/\/vortekspaces.com\/fr\/author\/availlancourt\/\"}]}<\/script>\n<!-- \/ Yoast SEO plugin. -->","yoast_head_json":{"title":"Nouveaux mat\u00e9riaux et mod\u00e8les 3D - VORTEK Spaces","robots":{"index":"index","follow":"follow","max-snippet":"max-snippet:-1","max-image-preview":"max-image-preview:large","max-video-preview":"max-video-preview:-1"},"canonical":"https:\/\/vortekspaces.com\/fr\/2025\/06\/16\/nouveaux-materiaux-et-modeles-3d-hiver-printemps-2025\/","og_locale":"fr_FR","og_type":"article","og_title":"Nouveaux mat\u00e9riaux et mod\u00e8les 3D - VORTEK Spaces","og_description":"16 juin 2024 Voici les derni\u00e8res nouveaut\u00e9s en mati\u00e8re de mat\u00e9riaux et de mod\u00e8les 3D \u00e0 ne pas manquer sur VORTEK Spaces ! Skyboxes g\u00e9n\u00e9r\u00e9es par l&#8217;IA Nous sommes ravis de vous pr\u00e9senter la toute premi\u00e8re (mais certainement pas la derni\u00e8re) utilisation de l\u2019intelligence artificielle dans VORTEK Spaces : une collection compl\u00e8te d\u2019environnements synth\u00e9tiques inspir\u00e9s [&hellip;]","og_url":"https:\/\/vortekspaces.com\/fr\/2025\/06\/16\/nouveaux-materiaux-et-modeles-3d-hiver-printemps-2025\/","og_site_name":"VORTEK Spaces","article_published_time":"2025-06-16T19:58:00+00:00","article_modified_time":"2026-04-29T18:27:18+00:00","og_image":[{"width":1024,"height":1024,"url":"https:\/\/vortekspaces.com\/wp-content\/uploads\/2024\/10\/skyboxesai-1024x1024.png","type":"image\/png"}],"author":"Audrey Vaillancourt","twitter_card":"summary_large_image","twitter_misc":{"\u00c9crit par":"Audrey Vaillancourt","Dur\u00e9e de lecture estim\u00e9e":"7 minutes"},"schema":{"@context":"https:\/\/schema.org","@graph":[{"@type":"Article","@id":"https:\/\/vortekspaces.com\/fr\/2025\/06\/16\/nouveaux-materiaux-et-modeles-3d-hiver-printemps-2025\/#article","isPartOf":{"@id":"https:\/\/vortekspaces.com\/fr\/2025\/06\/16\/nouveaux-materiaux-et-modeles-3d-hiver-printemps-2025\/"},"author":{"name":"Audrey Vaillancourt","@id":"https:\/\/vortekspaces.com\/fr\/#\/schema\/person\/5c727eb25d29ac954b7d7bbce2326854"},"headline":"Nouveaux mat\u00e9riaux et mod\u00e8les 3D","datePublished":"2025-06-16T19:58:00+00:00","dateModified":"2026-04-29T18:27:18+00:00","mainEntityOfPage":{"@id":"https:\/\/vortekspaces.com\/fr\/2025\/06\/16\/nouveaux-materiaux-et-modeles-3d-hiver-printemps-2025\/"},"wordCount":989,"publisher":{"@id":"https:\/\/vortekspaces.com\/fr\/#organization"},"image":{"@id":"https:\/\/vortekspaces.com\/fr\/2025\/06\/16\/nouveaux-materiaux-et-modeles-3d-hiver-printemps-2025\/#primaryimage"},"thumbnailUrl":"https:\/\/vortekspaces.com\/wp-content\/uploads\/2024\/10\/skyboxesai.png","articleSection":["Mat\u00e9riaux et mod\u00e8les 3D"],"inLanguage":"fr-FR"},{"@type":"WebPage","@id":"https:\/\/vortekspaces.com\/fr\/2025\/06\/16\/nouveaux-materiaux-et-modeles-3d-hiver-printemps-2025\/","url":"https:\/\/vortekspaces.com\/fr\/2025\/06\/16\/nouveaux-materiaux-et-modeles-3d-hiver-printemps-2025\/","name":"Nouveaux mat\u00e9riaux et mod\u00e8les 3D - VORTEK Spaces","isPartOf":{"@id":"https:\/\/vortekspaces.com\/fr\/#website"},"primaryImageOfPage":{"@id":"https:\/\/vortekspaces.com\/fr\/2025\/06\/16\/nouveaux-materiaux-et-modeles-3d-hiver-printemps-2025\/#primaryimage"},"image":{"@id":"https:\/\/vortekspaces.com\/fr\/2025\/06\/16\/nouveaux-materiaux-et-modeles-3d-hiver-printemps-2025\/#primaryimage"},"thumbnailUrl":"https:\/\/vortekspaces.com\/wp-content\/uploads\/2024\/10\/skyboxesai.png","datePublished":"2025-06-16T19:58:00+00:00","dateModified":"2026-04-29T18:27:18+00:00","breadcrumb":{"@id":"https:\/\/vortekspaces.com\/fr\/2025\/06\/16\/nouveaux-materiaux-et-modeles-3d-hiver-printemps-2025\/#breadcrumb"},"inLanguage":"fr-FR","potentialAction":[{"@type":"ReadAction","target":["https:\/\/vortekspaces.com\/fr\/2025\/06\/16\/nouveaux-materiaux-et-modeles-3d-hiver-printemps-2025\/"]}]},{"@type":"ImageObject","inLanguage":"fr-FR","@id":"https:\/\/vortekspaces.com\/fr\/2025\/06\/16\/nouveaux-materiaux-et-modeles-3d-hiver-printemps-2025\/#primaryimage","url":"https:\/\/vortekspaces.com\/wp-content\/uploads\/2024\/10\/skyboxesai.png","contentUrl":"https:\/\/vortekspaces.com\/wp-content\/uploads\/2024\/10\/skyboxesai.png","width":1974,"height":1972},{"@type":"BreadcrumbList","@id":"https:\/\/vortekspaces.com\/fr\/2025\/06\/16\/nouveaux-materiaux-et-modeles-3d-hiver-printemps-2025\/#breadcrumb","itemListElement":[{"@type":"ListItem","position":1,"name":"Accueil","item":"https:\/\/vortekspaces.com\/fr\/"},{"@type":"ListItem","position":2,"name":"Nouveaux mat\u00e9riaux et mod\u00e8les 3D"}]},{"@type":"WebSite","@id":"https:\/\/vortekspaces.com\/fr\/#website","url":"https:\/\/vortekspaces.com\/fr\/","name":"VORTEK Spaces","description":"Pr\u00e9sentation 3D pour tous!","publisher":{"@id":"https:\/\/vortekspaces.com\/fr\/#organization"},"potentialAction":[{"@type":"SearchAction","target":{"@type":"EntryPoint","urlTemplate":"https:\/\/vortekspaces.com\/fr\/?s={search_term_string}"},"query-input":{"@type":"PropertyValueSpecification","valueRequired":true,"valueName":"search_term_string"}}],"inLanguage":"fr-FR"},{"@type":"Organization","@id":"https:\/\/vortekspaces.com\/fr\/#organization","name":"Spaces","url":"https:\/\/vortekspaces.com\/fr\/","logo":{"@type":"ImageObject","inLanguage":"fr-FR","@id":"https:\/\/vortekspaces.com\/fr\/#\/schema\/logo\/image\/","url":"https:\/\/vortekspaces.com\/wp-content\/uploads\/2020\/02\/logo-spaces.svg","contentUrl":"https:\/\/vortekspaces.com\/wp-content\/uploads\/2020\/02\/logo-spaces.svg","width":261,"height":84,"caption":"Spaces"},"image":{"@id":"https:\/\/vortekspaces.com\/fr\/#\/schema\/logo\/image\/"}},{"@type":"Person","@id":"https:\/\/vortekspaces.com\/fr\/#\/schema\/person\/5c727eb25d29ac954b7d7bbce2326854","name":"Audrey Vaillancourt","image":{"@type":"ImageObject","inLanguage":"fr-FR","@id":"https:\/\/vortekspaces.com\/fr\/#\/schema\/person\/image\/","url":"https:\/\/secure.gravatar.com\/avatar\/b9b8e65317de06e712b2e49532b30da5f765c51a3a37863061437808bb5b0642?s=96&d=mm&r=g","contentUrl":"https:\/\/secure.gravatar.com\/avatar\/b9b8e65317de06e712b2e49532b30da5f765c51a3a37863061437808bb5b0642?s=96&d=mm&r=g","caption":"Audrey Vaillancourt"},"url":"https:\/\/vortekspaces.com\/fr\/author\/availlancourt\/"}]}},"featured_image_url":"https:\/\/vortekspaces.com\/wp-content\/uploads\/2024\/10\/skyboxesai.png","_links":{"self":[{"href":"https:\/\/vortekspaces.com\/fr\/wp-json\/wp\/v2\/posts\/30989","targetHints":{"allow":["GET"]}}],"collection":[{"href":"https:\/\/vortekspaces.com\/fr\/wp-json\/wp\/v2\/posts"}],"about":[{"href":"https:\/\/vortekspaces.com\/fr\/wp-json\/wp\/v2\/types\/post"}],"author":[{"embeddable":true,"href":"https:\/\/vortekspaces.com\/fr\/wp-json\/wp\/v2\/users\/11699"}],"replies":[{"embeddable":true,"href":"https:\/\/vortekspaces.com\/fr\/wp-json\/wp\/v2\/comments?post=30989"}],"version-history":[{"count":13,"href":"https:\/\/vortekspaces.com\/fr\/wp-json\/wp\/v2\/posts\/30989\/revisions"}],"predecessor-version":[{"id":52098,"href":"https:\/\/vortekspaces.com\/fr\/wp-json\/wp\/v2\/posts\/30989\/revisions\/52098"}],"wp:featuredmedia":[{"embeddable":true,"href":"https:\/\/vortekspaces.com\/fr\/wp-json\/wp\/v2\/media\/31326"}],"wp:attachment":[{"href":"https:\/\/vortekspaces.com\/fr\/wp-json\/wp\/v2\/media?parent=30989"}],"wp:term":[{"taxonomy":"category","embeddable":true,"href":"https:\/\/vortekspaces.com\/fr\/wp-json\/wp\/v2\/categories?post=30989"},{"taxonomy":"post_tag","embeddable":true,"href":"https:\/\/vortekspaces.com\/fr\/wp-json\/wp\/v2\/tags?post=30989"}],"curies":[{"name":"wp","href":"https:\/\/api.w.org\/{rel}","templated":true}]}}