{"id":27438,"date":"2024-05-06T14:44:12","date_gmt":"2024-05-06T18:44:12","guid":{"rendered":"https:\/\/spacescom.prod.arcanetech.io\/?p=27438"},"modified":"2026-04-27T11:43:52","modified_gmt":"2026-04-27T15:43:52","slug":"nouveaux-materiaux-modele3d-version-janvier-a-mars-2024","status":"publish","type":"post","link":"https:\/\/vortekspaces.com\/fr\/2024\/05\/06\/nouveaux-materiaux-modele3d-version-janvier-a-mars-2024\/","title":{"rendered":"Nouveaux mat\u00e9riaux et mod\u00e8les 3D &#8211; Janvier \u00e0 mars 2024"},"content":{"rendered":"\n<h2 class=\"wp-block-heading\"><span class=\"VIiyi\" lang=\"en\"><span class=\"JLqJ4b ChMk0b\" data-language-for-alternatives=\"en\" data-language-to-translate-into=\"fr\" data-phrase-index=\"1\" data-number-of-phrases=\"2\">Voici les derni\u00e8res nouveaut\u00e9s \u00e0 propos des mat\u00e9riaux et des mod\u00e8les 3D maintenant disponibles dans VORTEK Spaces !<\/span><\/span><\/h2>\n\n\n\n<p>&nbsp;<\/p>\n\n\n\n<h2 class=\"wp-block-heading\">Salt International<\/h2>\n\n\n\n<p>Cette entreprise bas\u00e9e \u00e0 Miami, offrant une large gamme de couleurs et de textures inspir\u00e9es du style italien, est d\u00e9sormais disponible dans notre cat\u00e9gorie d&#8217;armoires.<\/p>\n\n\n\n<figure class=\"wp-block-image is-resized\"><img loading=\"lazy\" decoding=\"async\" width=\"1024\" height=\"1024\" src=\"https:\/\/vortekspaces.com\/wp-content\/uploads\/2024\/04\/salt-1-1024x1024.png\" alt=\"\" class=\"wp-image-27646\" style=\"aspect-ratio:1;object-fit:cover;width:300px\" srcset=\"https:\/\/vortekspaces.com\/wp-content\/uploads\/2024\/04\/salt-1-1024x1024.png 1024w, https:\/\/vortekspaces.com\/wp-content\/uploads\/2024\/04\/salt-1-300x300.png 300w, https:\/\/vortekspaces.com\/wp-content\/uploads\/2024\/04\/salt-1-100x100.png 100w, https:\/\/vortekspaces.com\/wp-content\/uploads\/2024\/04\/salt-1-600x600.png 600w, https:\/\/vortekspaces.com\/wp-content\/uploads\/2024\/04\/salt-1-150x150.png 150w, https:\/\/vortekspaces.com\/wp-content\/uploads\/2024\/04\/salt-1-768x768.png 768w, https:\/\/vortekspaces.com\/wp-content\/uploads\/2024\/04\/salt-1-1536x1536.png 1536w, https:\/\/vortekspaces.com\/wp-content\/uploads\/2024\/04\/salt-1-728x728.png 728w, https:\/\/vortekspaces.com\/wp-content\/uploads\/2024\/04\/salt-1.png 1971w\" sizes=\"auto, (max-width: 1024px) 100vw, 1024px\" \/><\/figure>\n\n\n\n<h2 class=\"wp-block-heading\">Mise \u00e0 jour Dekton\u00ae<\/h2>\n\n\n\n<p>D\u00e9couvrez les nouvelles couleurs de nos comptoirs Dekton\u00ae ! Essayez le motif \u00e9l\u00e9gant en pierre de Bergen, les luxueux nuages cr\u00e8me d&#8217;Arga ou les spectaculaires veines dor\u00e9es de Laurent dans votre prochaine cr\u00e9ation.<\/p>\n\n\n\n<figure class=\"wp-block-image size-large is-resized\"><img loading=\"lazy\" decoding=\"async\" width=\"1018\" height=\"1024\" src=\"https:\/\/vortekspaces.com\/wp-content\/uploads\/2024\/04\/dekton-1018x1024.png\" alt=\"\" class=\"wp-image-27639\" style=\"aspect-ratio:1;object-fit:cover;width:300px\" srcset=\"https:\/\/vortekspaces.com\/wp-content\/uploads\/2024\/04\/dekton-1018x1024.png 1018w, https:\/\/vortekspaces.com\/wp-content\/uploads\/2024\/04\/dekton-100x100.png 100w, https:\/\/vortekspaces.com\/wp-content\/uploads\/2024\/04\/dekton-600x603.png 600w, https:\/\/vortekspaces.com\/wp-content\/uploads\/2024\/04\/dekton-298x300.png 298w, https:\/\/vortekspaces.com\/wp-content\/uploads\/2024\/04\/dekton-150x150.png 150w, https:\/\/vortekspaces.com\/wp-content\/uploads\/2024\/04\/dekton-768x772.png 768w, https:\/\/vortekspaces.com\/wp-content\/uploads\/2024\/04\/dekton-1527x1536.png 1527w, https:\/\/vortekspaces.com\/wp-content\/uploads\/2024\/04\/dekton.png 1962w\" sizes=\"auto, (max-width: 1018px) 100vw, 1018px\" \/><\/figure>\n\n\n\n<p>&nbsp;<\/p>\n\n\n\n<h2 class=\"wp-block-heading\">Miroir Renwill<\/h2>\n\n\n\n<p>Nous vous proposons une plus grande vari\u00e9t\u00e9 de formes et de couleurs de miroirs avec notre ajout de la marque Renwil ! Profitez des reflets tr\u00e8s r\u00e9alistes de nos miroirs, appliqu\u00e9s \u00e0 une s\u00e9lection de la grande collection de Renwil.<\/p>\n\n\n\n<figure class=\"wp-block-image is-resized\"><img loading=\"lazy\" decoding=\"async\" width=\"1024\" height=\"1024\" src=\"https:\/\/vortekspaces.com\/wp-content\/uploads\/2024\/04\/renwil-mirrors-1024x1024.png\" alt=\"\" class=\"wp-image-27637\" style=\"aspect-ratio:1;object-fit:cover;width:300px\" srcset=\"https:\/\/vortekspaces.com\/wp-content\/uploads\/2024\/04\/renwil-mirrors-1024x1024.png 1024w, https:\/\/vortekspaces.com\/wp-content\/uploads\/2024\/04\/renwil-mirrors-300x300.png 300w, https:\/\/vortekspaces.com\/wp-content\/uploads\/2024\/04\/renwil-mirrors-100x100.png 100w, https:\/\/vortekspaces.com\/wp-content\/uploads\/2024\/04\/renwil-mirrors-600x601.png 600w, https:\/\/vortekspaces.com\/wp-content\/uploads\/2024\/04\/renwil-mirrors-150x150.png 150w, https:\/\/vortekspaces.com\/wp-content\/uploads\/2024\/04\/renwil-mirrors-768x769.png 768w, https:\/\/vortekspaces.com\/wp-content\/uploads\/2024\/04\/renwil-mirrors-728x728.png 728w, https:\/\/vortekspaces.com\/wp-content\/uploads\/2024\/04\/renwil-mirrors.png 1076w\" sizes=\"auto, (max-width: 1024px) 100vw, 1024px\" \/><\/figure>\n\n\n\n<h2 class=\"wp-block-heading\">Kohler enfin dans votre salle de bain<\/h2>\n\n\n\n<p>Vous pouvez d\u00e9sormais exprimer &#8220;The Bold Look of Kohler&#8221; dans votre salle de bains ! Explorez notre s\u00e9lection de baignoires, toilettes, lavabos, robinets et accessoires dans notre sous-cat\u00e9gorie de robinetterie de salle de bains.<\/p>\n\n\n\n<p>&nbsp;<\/p>\n\n\n\n<figure class=\"wp-block-image is-resized\"><img loading=\"lazy\" decoding=\"async\" width=\"1024\" height=\"1021\" src=\"https:\/\/vortekspaces.com\/wp-content\/uploads\/2024\/04\/kohler-1024x1021.png\" alt=\"\" class=\"wp-image-27662\" style=\"aspect-ratio:1;object-fit:cover;width:300px\" srcset=\"https:\/\/vortekspaces.com\/wp-content\/uploads\/2024\/04\/kohler-1024x1021.png 1024w, https:\/\/vortekspaces.com\/wp-content\/uploads\/2024\/04\/kohler-300x300.png 300w, https:\/\/vortekspaces.com\/wp-content\/uploads\/2024\/04\/kohler-100x100.png 100w, https:\/\/vortekspaces.com\/wp-content\/uploads\/2024\/04\/kohler-600x598.png 600w, https:\/\/vortekspaces.com\/wp-content\/uploads\/2024\/04\/kohler-150x150.png 150w, https:\/\/vortekspaces.com\/wp-content\/uploads\/2024\/04\/kohler-768x766.png 768w, https:\/\/vortekspaces.com\/wp-content\/uploads\/2024\/04\/kohler-1536x1532.png 1536w, https:\/\/vortekspaces.com\/wp-content\/uploads\/2024\/04\/kohler.png 1973w\" sizes=\"auto, (max-width: 1024px) 100vw, 1024px\" \/><\/figure>\n\n\n\n<h2 class=\"wp-block-heading\">Rubi par Soligo<\/h2>\n\n\n\n<p>Apportez style et \u00e9l\u00e9gance \u00e0 votre cuisine avec les robinets Rubi !<\/p>\n\n\n\n<figure class=\"wp-block-image is-resized\"><img loading=\"lazy\" decoding=\"async\" width=\"1024\" height=\"1024\" src=\"https:\/\/vortekspaces.com\/wp-content\/uploads\/2024\/04\/rubi-1024x1024.png\" alt=\"\" class=\"wp-image-27649\" style=\"aspect-ratio:1;object-fit:cover;width:300px\" srcset=\"https:\/\/vortekspaces.com\/wp-content\/uploads\/2024\/04\/rubi-1024x1024.png 1024w, https:\/\/vortekspaces.com\/wp-content\/uploads\/2024\/04\/rubi-300x300.png 300w, https:\/\/vortekspaces.com\/wp-content\/uploads\/2024\/04\/rubi-100x100.png 100w, https:\/\/vortekspaces.com\/wp-content\/uploads\/2024\/04\/rubi-600x600.png 600w, https:\/\/vortekspaces.com\/wp-content\/uploads\/2024\/04\/rubi-150x150.png 150w, https:\/\/vortekspaces.com\/wp-content\/uploads\/2024\/04\/rubi-768x768.png 768w, https:\/\/vortekspaces.com\/wp-content\/uploads\/2024\/04\/rubi-1536x1536.png 1536w, https:\/\/vortekspaces.com\/wp-content\/uploads\/2024\/04\/rubi-728x728.png 728w, https:\/\/vortekspaces.com\/wp-content\/uploads\/2024\/04\/rubi.png 1707w\" sizes=\"auto, (max-width: 1024px) 100vw, 1024px\" \/><\/figure>\n\n\n\n<h2 class=\"wp-block-heading\">GE CAF\u00c9<\/h2>\n\n\n\n<p>Si vous souhaitez apporter une touche de personnalit\u00e9 \u00e0 votre prochaine cuisine, surprenez votre client avec nos nouveaux \u00e9l\u00e9ctrom\u00e9nagers de la prestigieuse ligne Caf\u00e9 de GE. La finition blanc mat et bronze bross\u00e9 donnera \u00e0 votre design un style distinctif.<\/p>\n\n\n\n<figure class=\"wp-block-image is-resized\"><img loading=\"lazy\" decoding=\"async\" width=\"1024\" height=\"1024\" src=\"https:\/\/vortekspaces.com\/wp-content\/uploads\/2024\/04\/cafe-appliances-1024x1024.png\" alt=\"\" class=\"wp-image-27656\" style=\"aspect-ratio:1;object-fit:cover;width:300px\" srcset=\"https:\/\/vortekspaces.com\/wp-content\/uploads\/2024\/04\/cafe-appliances-1024x1024.png 1024w, https:\/\/vortekspaces.com\/wp-content\/uploads\/2024\/04\/cafe-appliances-300x300.png 300w, https:\/\/vortekspaces.com\/wp-content\/uploads\/2024\/04\/cafe-appliances-100x100.png 100w, https:\/\/vortekspaces.com\/wp-content\/uploads\/2024\/04\/cafe-appliances-600x600.png 600w, https:\/\/vortekspaces.com\/wp-content\/uploads\/2024\/04\/cafe-appliances-150x150.png 150w, https:\/\/vortekspaces.com\/wp-content\/uploads\/2024\/04\/cafe-appliances-768x768.png 768w, https:\/\/vortekspaces.com\/wp-content\/uploads\/2024\/04\/cafe-appliances-1536x1536.png 1536w, https:\/\/vortekspaces.com\/wp-content\/uploads\/2024\/04\/cafe-appliances-728x728.png 728w, https:\/\/vortekspaces.com\/wp-content\/uploads\/2024\/04\/cafe-appliances.png 1971w\" sizes=\"auto, (max-width: 1024px) 100vw, 1024px\" \/><\/figure>\n\n\n\n<p><\/p>\n\n\n\n<h2 class=\"wp-block-heading\">Une plus grande vari\u00e9t\u00e9 de portes<\/h2>\n\n\n\n<p>Saviez-vous que vous pouvez ins\u00e9rer vos portes directement dans VORTEK Spaces ? Toutes les portes sont munies de la fonction d&#8217;auto-percage et d&#8217;une animation d&#8217;ouverture pour vous donner un contr\u00f4le total sur l&#8217;ambiance que vous souhaitez ! Nous vous offrons d\u00e9sormais plus d&#8217;options de portes avec nos derni\u00e8res additions : les portes int\u00e9rieures Intermat et une s\u00e9lection de portes coulissantes de style Farmhouse.<\/p>\n\n\n\n<figure class=\"wp-block-image is-resized\"><img loading=\"lazy\" decoding=\"async\" width=\"1021\" height=\"1024\" src=\"https:\/\/vortekspaces.com\/wp-content\/uploads\/2024\/04\/farmhouse-slidingdoors-1021x1024.png\" alt=\"\" class=\"wp-image-27651\" style=\"aspect-ratio:1;object-fit:cover;width:300px\" srcset=\"https:\/\/vortekspaces.com\/wp-content\/uploads\/2024\/04\/farmhouse-slidingdoors-1021x1024.png 1021w, https:\/\/vortekspaces.com\/wp-content\/uploads\/2024\/04\/farmhouse-slidingdoors-300x300.png 300w, https:\/\/vortekspaces.com\/wp-content\/uploads\/2024\/04\/farmhouse-slidingdoors-100x100.png 100w, https:\/\/vortekspaces.com\/wp-content\/uploads\/2024\/04\/farmhouse-slidingdoors-600x602.png 600w, https:\/\/vortekspaces.com\/wp-content\/uploads\/2024\/04\/farmhouse-slidingdoors-150x150.png 150w, https:\/\/vortekspaces.com\/wp-content\/uploads\/2024\/04\/farmhouse-slidingdoors-768x770.png 768w, https:\/\/vortekspaces.com\/wp-content\/uploads\/2024\/04\/farmhouse-slidingdoors-1532x1536.png 1532w, https:\/\/vortekspaces.com\/wp-content\/uploads\/2024\/04\/farmhouse-slidingdoors.png 1970w\" sizes=\"auto, (max-width: 1021px) 100vw, 1021px\" \/><\/figure>\n\n\n\n<h2 class=\"wp-block-heading\">Verre textur\u00e9<\/h2>\n\n\n\n<p>Vous avez demand\u00e9, nous avons r\u00e9pondu ! Ajouter des portes en verre \u00e0 vos armoires sera plus facile que jamais avec notre large vari\u00e9t\u00e9 de verres textur\u00e9s.<\/p>\n\n\n\n<figure class=\"wp-block-image is-resized\"><img loading=\"lazy\" decoding=\"async\" width=\"1024\" height=\"1024\" src=\"https:\/\/vortekspaces.com\/wp-content\/uploads\/2024\/04\/cabinet-glass-1024x1024.png\" alt=\"\" class=\"wp-image-27658\" style=\"aspect-ratio:1;object-fit:cover;width:300px\" srcset=\"https:\/\/vortekspaces.com\/wp-content\/uploads\/2024\/04\/cabinet-glass-1024x1024.png 1024w, https:\/\/vortekspaces.com\/wp-content\/uploads\/2024\/04\/cabinet-glass-300x300.png 300w, https:\/\/vortekspaces.com\/wp-content\/uploads\/2024\/04\/cabinet-glass-100x100.png 100w, https:\/\/vortekspaces.com\/wp-content\/uploads\/2024\/04\/cabinet-glass-600x599.png 600w, https:\/\/vortekspaces.com\/wp-content\/uploads\/2024\/04\/cabinet-glass-150x150.png 150w, https:\/\/vortekspaces.com\/wp-content\/uploads\/2024\/04\/cabinet-glass-768x767.png 768w, https:\/\/vortekspaces.com\/wp-content\/uploads\/2024\/04\/cabinet-glass-1536x1534.png 1536w, https:\/\/vortekspaces.com\/wp-content\/uploads\/2024\/04\/cabinet-glass-728x728.png 728w, https:\/\/vortekspaces.com\/wp-content\/uploads\/2024\/04\/cabinet-glass.png 1687w\" sizes=\"auto, (max-width: 1024px) 100vw, 1024px\" \/><\/figure>\n\n\n\n<h2 class=\"wp-block-heading\">Et plus encore!<\/h2>\n\n\n\n<p>Ne manquez pas les nouvelles collections Soligo : Glac\u00e9, Pigmento et F\u00e4rgblock.<\/p>\n\n\n\n<p>\u00c0 tous nos clients n\u00e9o-z\u00e9landais, assurez-vous de jeter un \u0153il \u00e0 la cat\u00e9gorie mise \u00e0 jour des panneaux Prime, qui contient d\u00e9sormais les couleurs Durasein, Wilsonart et Ultraglaze.<\/p>\n\n\n\n<p>Utilisateurs nord-am\u00e9ricains, nous vous proposons les couleurs Prestolam Velour Touch.<\/p>\n\n\n\n<p>Et lorsque vous cr\u00e9erez votre prochain projet de buanderie, n&#8217;oubliez pas de consulter les nouveaux lave-linge et s\u00e8che-linge dans la cat\u00e9gorie des appareils \u00e9lectrom\u00e9nagers !<\/p>\n\n\n\n<h2 class=\"wp-block-heading\"><span class=\"normaltextrun\">Support technique: trois fa\u00e7ons de nous rejoindre .<\/span><\/h2>\n\n\n\n<ul class=\"wp-block-list\">\n<li>Besoin de support rapide ? Clavarder directement avec un de nos agents. Si personne n\u2019est en ligne au moment o\u00f9 vous laissez un message, soyez certain que nous r\u00e9pondrons le plus rapidement possible.<\/li>\n\n\n\n<li>Vous pouvez aussi \u00e9crire directement \u00e0 support@vortekspaces.com<\/li>\n\n\n\n<li>Pour parler directement avec un agent, vous pouvez composer le +1-844-986-7835<\/li>\n<\/ul>\n\n\n\n<h2 class=\"wp-block-heading\"><span class=\"normaltextrun\">Partagez-nous vos projets !<\/span><\/h2>\n\n\n\n<p>C\u2019est le moment de briller ! Envoyez-nous vos plus beaux projets en VOKproj. Notre \u00e9quipe s\u00e9lectionnera certains projets parmi ceux re\u00e7us. Notre \u00e9quipe va reprendre des s\u00e9quences des projets choisis pour les partager sur nos r\u00e9seaux sociaux. Voici une belle occasion de montrer \u00e0 tout le monde ce dont vous \u00eates capable.<\/p>\n\n\n\n<p>Envoyez courriel \u00e0 <a href=\"mailto:info@vortekspaces.com\">info@vortekspaces.com<\/a> avec le Sujet : <em>Voici mon projet<\/em><\/p>\n\n\n\n<h2 class=\"wp-block-heading\">Suivez-nous pour ne rien manquer!<\/h2>\n\n\n\n<p>Nous vous invitons \u00e0 nous suivre sur les r\u00e9seaux sociaux pour vous tenir \u00e0 jour sur les derni\u00e8res mises \u00e0 jour du logiciel, les nouveaut\u00e9s et les tendances du march\u00e9.<\/p>\n\n\n\n<ul class=\"wp-block-list\">\n<li>Instagram <a href=\"https:\/\/www.instagram.com\/vortek_spaces\/\">instagram.com\/vortek_spaces<\/a><\/li>\n\n\n\n<li>Facebook <a href=\"https:\/\/www.facebook.com\/vortekexp\">facebook.com\/vortekexp <\/a><\/li>\n\n\n\n<li>LinkedIn <a href=\"https:\/\/www.linkedin.com\/company\/9262343\/\">linkedin.com\/company\/vortek <\/a><\/li>\n<\/ul>\n","protected":false},"excerpt":{"rendered":"<p>Voici les derni\u00e8res nouveaut\u00e9s \u00e0 propos des mat\u00e9riaux et des mod\u00e8les 3D maintenant disponibles dans VORTEK Spaces ! &nbsp; Salt International Cette entreprise bas\u00e9e \u00e0 Miami, offrant une large gamme de couleurs et de textures inspir\u00e9es du style italien, est d\u00e9sormais disponible dans notre cat\u00e9gorie d&#8217;armoires. Mise \u00e0 jour Dekton\u00ae D\u00e9couvrez les nouvelles couleurs de [&hellip;]<\/p>\n","protected":false},"author":10249,"featured_media":27646,"comment_status":"closed","ping_status":"closed","sticky":false,"template":"","format":"standard","meta":{"_acf_changed":false,"_eb_attr":"","inline_featured_image":false,"_hide_featured_image":false,"_spaces_version":"","footnotes":""},"categories":[45],"tags":[],"class_list":["post-27438","post","type-post","status-publish","format-standard","has-post-thumbnail","hentry","category-materiaux-et-modeles-3d"],"acf":[],"yoast_head":"<!-- This site is optimized with the Yoast SEO plugin v24.9 - https:\/\/yoast.com\/wordpress\/plugins\/seo\/ -->\n<title>Nouveaux mat\u00e9riaux et mod\u00e8les 3D - Janvier \u00e0 mars 2024 - VORTEK Spaces<\/title>\n<meta name=\"robots\" content=\"index, follow, max-snippet:-1, max-image-preview:large, max-video-preview:-1\" \/>\n<link rel=\"canonical\" href=\"https:\/\/vortekspaces.com\/fr\/2024\/05\/06\/nouveaux-materiaux-modele3d-version-janvier-a-mars-2024\/\" \/>\n<meta property=\"og:locale\" content=\"fr_FR\" \/>\n<meta property=\"og:type\" content=\"article\" \/>\n<meta property=\"og:title\" content=\"Nouveaux mat\u00e9riaux et mod\u00e8les 3D - Janvier \u00e0 mars 2024 - VORTEK Spaces\" \/>\n<meta property=\"og:description\" content=\"Voici les derni\u00e8res nouveaut\u00e9s \u00e0 propos des mat\u00e9riaux et des mod\u00e8les 3D maintenant disponibles dans VORTEK Spaces ! &nbsp; Salt International Cette entreprise bas\u00e9e \u00e0 Miami, offrant une large gamme de couleurs et de textures inspir\u00e9es du style italien, est d\u00e9sormais disponible dans notre cat\u00e9gorie d&#8217;armoires. Mise \u00e0 jour Dekton\u00ae D\u00e9couvrez les nouvelles couleurs de [&hellip;]\" \/>\n<meta property=\"og:url\" content=\"https:\/\/vortekspaces.com\/fr\/2024\/05\/06\/nouveaux-materiaux-modele3d-version-janvier-a-mars-2024\/\" \/>\n<meta property=\"og:site_name\" content=\"VORTEK Spaces\" \/>\n<meta property=\"article:published_time\" content=\"2024-05-06T18:44:12+00:00\" \/>\n<meta property=\"article:modified_time\" content=\"2026-04-27T15:43:52+00:00\" \/>\n<meta property=\"og:image\" content=\"https:\/\/vortekspaces.com\/wp-content\/uploads\/2024\/04\/salt-1-1024x1024.png\" \/>\n\t<meta property=\"og:image:width\" content=\"1024\" \/>\n\t<meta property=\"og:image:height\" content=\"1024\" \/>\n\t<meta property=\"og:image:type\" content=\"image\/png\" \/>\n<meta name=\"author\" content=\"Jean-S\u00e9bastien Roy\" \/>\n<meta name=\"twitter:card\" content=\"summary_large_image\" \/>\n<meta name=\"twitter:label1\" content=\"\u00c9crit par\" \/>\n\t<meta name=\"twitter:data1\" content=\"Jean-S\u00e9bastien Roy\" \/>\n\t<meta name=\"twitter:label2\" content=\"Dur\u00e9e de lecture estim\u00e9e\" \/>\n\t<meta name=\"twitter:data2\" content=\"5 minutes\" \/>\n<script type=\"application\/ld+json\" class=\"yoast-schema-graph\">{\"@context\":\"https:\/\/schema.org\",\"@graph\":[{\"@type\":\"Article\",\"@id\":\"https:\/\/vortekspaces.com\/fr\/2024\/05\/06\/nouveaux-materiaux-modele3d-version-janvier-a-mars-2024\/#article\",\"isPartOf\":{\"@id\":\"https:\/\/vortekspaces.com\/fr\/2024\/05\/06\/nouveaux-materiaux-modele3d-version-janvier-a-mars-2024\/\"},\"author\":{\"name\":\"Jean-S\u00e9bastien Roy\",\"@id\":\"https:\/\/vortekspaces.com\/fr\/#\/schema\/person\/a5ec2f48f400b9fbb4c40f29d997bc95\"},\"headline\":\"Nouveaux mat\u00e9riaux et mod\u00e8les 3D &#8211; Janvier \u00e0 mars 2024\",\"datePublished\":\"2024-05-06T18:44:12+00:00\",\"dateModified\":\"2026-04-27T15:43:52+00:00\",\"mainEntityOfPage\":{\"@id\":\"https:\/\/vortekspaces.com\/fr\/2024\/05\/06\/nouveaux-materiaux-modele3d-version-janvier-a-mars-2024\/\"},\"wordCount\":622,\"publisher\":{\"@id\":\"https:\/\/vortekspaces.com\/fr\/#organization\"},\"image\":{\"@id\":\"https:\/\/vortekspaces.com\/fr\/2024\/05\/06\/nouveaux-materiaux-modele3d-version-janvier-a-mars-2024\/#primaryimage\"},\"thumbnailUrl\":\"https:\/\/vortekspaces.com\/wp-content\/uploads\/2024\/04\/salt-1.png\",\"articleSection\":[\"Mat\u00e9riaux et mod\u00e8les 3D\"],\"inLanguage\":\"fr-FR\"},{\"@type\":\"WebPage\",\"@id\":\"https:\/\/vortekspaces.com\/fr\/2024\/05\/06\/nouveaux-materiaux-modele3d-version-janvier-a-mars-2024\/\",\"url\":\"https:\/\/vortekspaces.com\/fr\/2024\/05\/06\/nouveaux-materiaux-modele3d-version-janvier-a-mars-2024\/\",\"name\":\"Nouveaux mat\u00e9riaux et mod\u00e8les 3D - Janvier \u00e0 mars 2024 - VORTEK Spaces\",\"isPartOf\":{\"@id\":\"https:\/\/vortekspaces.com\/fr\/#website\"},\"primaryImageOfPage\":{\"@id\":\"https:\/\/vortekspaces.com\/fr\/2024\/05\/06\/nouveaux-materiaux-modele3d-version-janvier-a-mars-2024\/#primaryimage\"},\"image\":{\"@id\":\"https:\/\/vortekspaces.com\/fr\/2024\/05\/06\/nouveaux-materiaux-modele3d-version-janvier-a-mars-2024\/#primaryimage\"},\"thumbnailUrl\":\"https:\/\/vortekspaces.com\/wp-content\/uploads\/2024\/04\/salt-1.png\",\"datePublished\":\"2024-05-06T18:44:12+00:00\",\"dateModified\":\"2026-04-27T15:43:52+00:00\",\"breadcrumb\":{\"@id\":\"https:\/\/vortekspaces.com\/fr\/2024\/05\/06\/nouveaux-materiaux-modele3d-version-janvier-a-mars-2024\/#breadcrumb\"},\"inLanguage\":\"fr-FR\",\"potentialAction\":[{\"@type\":\"ReadAction\",\"target\":[\"https:\/\/vortekspaces.com\/fr\/2024\/05\/06\/nouveaux-materiaux-modele3d-version-janvier-a-mars-2024\/\"]}]},{\"@type\":\"ImageObject\",\"inLanguage\":\"fr-FR\",\"@id\":\"https:\/\/vortekspaces.com\/fr\/2024\/05\/06\/nouveaux-materiaux-modele3d-version-janvier-a-mars-2024\/#primaryimage\",\"url\":\"https:\/\/vortekspaces.com\/wp-content\/uploads\/2024\/04\/salt-1.png\",\"contentUrl\":\"https:\/\/vortekspaces.com\/wp-content\/uploads\/2024\/04\/salt-1.png\",\"width\":1971,\"height\":1971},{\"@type\":\"BreadcrumbList\",\"@id\":\"https:\/\/vortekspaces.com\/fr\/2024\/05\/06\/nouveaux-materiaux-modele3d-version-janvier-a-mars-2024\/#breadcrumb\",\"itemListElement\":[{\"@type\":\"ListItem\",\"position\":1,\"name\":\"Accueil\",\"item\":\"https:\/\/vortekspaces.com\/fr\/\"},{\"@type\":\"ListItem\",\"position\":2,\"name\":\"Nouveaux mat\u00e9riaux et mod\u00e8les 3D &#8211; Janvier \u00e0 mars 2024\"}]},{\"@type\":\"WebSite\",\"@id\":\"https:\/\/vortekspaces.com\/fr\/#website\",\"url\":\"https:\/\/vortekspaces.com\/fr\/\",\"name\":\"VORTEK Spaces\",\"description\":\"Pr\u00e9sentation 3D pour tous!\",\"publisher\":{\"@id\":\"https:\/\/vortekspaces.com\/fr\/#organization\"},\"potentialAction\":[{\"@type\":\"SearchAction\",\"target\":{\"@type\":\"EntryPoint\",\"urlTemplate\":\"https:\/\/vortekspaces.com\/fr\/?s={search_term_string}\"},\"query-input\":{\"@type\":\"PropertyValueSpecification\",\"valueRequired\":true,\"valueName\":\"search_term_string\"}}],\"inLanguage\":\"fr-FR\"},{\"@type\":\"Organization\",\"@id\":\"https:\/\/vortekspaces.com\/fr\/#organization\",\"name\":\"Spaces\",\"url\":\"https:\/\/vortekspaces.com\/fr\/\",\"logo\":{\"@type\":\"ImageObject\",\"inLanguage\":\"fr-FR\",\"@id\":\"https:\/\/vortekspaces.com\/fr\/#\/schema\/logo\/image\/\",\"url\":\"https:\/\/vortekspaces.com\/wp-content\/uploads\/2020\/02\/logo-spaces.svg\",\"contentUrl\":\"https:\/\/vortekspaces.com\/wp-content\/uploads\/2020\/02\/logo-spaces.svg\",\"width\":261,\"height\":84,\"caption\":\"Spaces\"},\"image\":{\"@id\":\"https:\/\/vortekspaces.com\/fr\/#\/schema\/logo\/image\/\"}},{\"@type\":\"Person\",\"@id\":\"https:\/\/vortekspaces.com\/fr\/#\/schema\/person\/a5ec2f48f400b9fbb4c40f29d997bc95\",\"name\":\"Jean-S\u00e9bastien Roy\",\"image\":{\"@type\":\"ImageObject\",\"inLanguage\":\"fr-FR\",\"@id\":\"https:\/\/vortekspaces.com\/fr\/#\/schema\/person\/image\/\",\"url\":\"https:\/\/secure.gravatar.com\/avatar\/4871ab6663e56179edfe8b0669237ee6a0e816f3792051da32708e126cab7365?s=96&d=mm&r=g\",\"contentUrl\":\"https:\/\/secure.gravatar.com\/avatar\/4871ab6663e56179edfe8b0669237ee6a0e816f3792051da32708e126cab7365?s=96&d=mm&r=g\",\"caption\":\"Jean-S\u00e9bastien Roy\"},\"url\":\"https:\/\/vortekspaces.com\/fr\/author\/jsroy\/\"}]}<\/script>\n<!-- \/ Yoast SEO plugin. -->","yoast_head_json":{"title":"Nouveaux mat\u00e9riaux et mod\u00e8les 3D - Janvier \u00e0 mars 2024 - VORTEK Spaces","robots":{"index":"index","follow":"follow","max-snippet":"max-snippet:-1","max-image-preview":"max-image-preview:large","max-video-preview":"max-video-preview:-1"},"canonical":"https:\/\/vortekspaces.com\/fr\/2024\/05\/06\/nouveaux-materiaux-modele3d-version-janvier-a-mars-2024\/","og_locale":"fr_FR","og_type":"article","og_title":"Nouveaux mat\u00e9riaux et mod\u00e8les 3D - Janvier \u00e0 mars 2024 - VORTEK Spaces","og_description":"Voici les derni\u00e8res nouveaut\u00e9s \u00e0 propos des mat\u00e9riaux et des mod\u00e8les 3D maintenant disponibles dans VORTEK Spaces ! &nbsp; Salt International Cette entreprise bas\u00e9e \u00e0 Miami, offrant une large gamme de couleurs et de textures inspir\u00e9es du style italien, est d\u00e9sormais disponible dans notre cat\u00e9gorie d&#8217;armoires. Mise \u00e0 jour Dekton\u00ae D\u00e9couvrez les nouvelles couleurs de [&hellip;]","og_url":"https:\/\/vortekspaces.com\/fr\/2024\/05\/06\/nouveaux-materiaux-modele3d-version-janvier-a-mars-2024\/","og_site_name":"VORTEK Spaces","article_published_time":"2024-05-06T18:44:12+00:00","article_modified_time":"2026-04-27T15:43:52+00:00","og_image":[{"width":1024,"height":1024,"url":"https:\/\/vortekspaces.com\/wp-content\/uploads\/2024\/04\/salt-1-1024x1024.png","type":"image\/png"}],"author":"Jean-S\u00e9bastien Roy","twitter_card":"summary_large_image","twitter_misc":{"\u00c9crit par":"Jean-S\u00e9bastien Roy","Dur\u00e9e de lecture estim\u00e9e":"5 minutes"},"schema":{"@context":"https:\/\/schema.org","@graph":[{"@type":"Article","@id":"https:\/\/vortekspaces.com\/fr\/2024\/05\/06\/nouveaux-materiaux-modele3d-version-janvier-a-mars-2024\/#article","isPartOf":{"@id":"https:\/\/vortekspaces.com\/fr\/2024\/05\/06\/nouveaux-materiaux-modele3d-version-janvier-a-mars-2024\/"},"author":{"name":"Jean-S\u00e9bastien Roy","@id":"https:\/\/vortekspaces.com\/fr\/#\/schema\/person\/a5ec2f48f400b9fbb4c40f29d997bc95"},"headline":"Nouveaux mat\u00e9riaux et mod\u00e8les 3D &#8211; Janvier \u00e0 mars 2024","datePublished":"2024-05-06T18:44:12+00:00","dateModified":"2026-04-27T15:43:52+00:00","mainEntityOfPage":{"@id":"https:\/\/vortekspaces.com\/fr\/2024\/05\/06\/nouveaux-materiaux-modele3d-version-janvier-a-mars-2024\/"},"wordCount":622,"publisher":{"@id":"https:\/\/vortekspaces.com\/fr\/#organization"},"image":{"@id":"https:\/\/vortekspaces.com\/fr\/2024\/05\/06\/nouveaux-materiaux-modele3d-version-janvier-a-mars-2024\/#primaryimage"},"thumbnailUrl":"https:\/\/vortekspaces.com\/wp-content\/uploads\/2024\/04\/salt-1.png","articleSection":["Mat\u00e9riaux et mod\u00e8les 3D"],"inLanguage":"fr-FR"},{"@type":"WebPage","@id":"https:\/\/vortekspaces.com\/fr\/2024\/05\/06\/nouveaux-materiaux-modele3d-version-janvier-a-mars-2024\/","url":"https:\/\/vortekspaces.com\/fr\/2024\/05\/06\/nouveaux-materiaux-modele3d-version-janvier-a-mars-2024\/","name":"Nouveaux mat\u00e9riaux et mod\u00e8les 3D - Janvier \u00e0 mars 2024 - VORTEK Spaces","isPartOf":{"@id":"https:\/\/vortekspaces.com\/fr\/#website"},"primaryImageOfPage":{"@id":"https:\/\/vortekspaces.com\/fr\/2024\/05\/06\/nouveaux-materiaux-modele3d-version-janvier-a-mars-2024\/#primaryimage"},"image":{"@id":"https:\/\/vortekspaces.com\/fr\/2024\/05\/06\/nouveaux-materiaux-modele3d-version-janvier-a-mars-2024\/#primaryimage"},"thumbnailUrl":"https:\/\/vortekspaces.com\/wp-content\/uploads\/2024\/04\/salt-1.png","datePublished":"2024-05-06T18:44:12+00:00","dateModified":"2026-04-27T15:43:52+00:00","breadcrumb":{"@id":"https:\/\/vortekspaces.com\/fr\/2024\/05\/06\/nouveaux-materiaux-modele3d-version-janvier-a-mars-2024\/#breadcrumb"},"inLanguage":"fr-FR","potentialAction":[{"@type":"ReadAction","target":["https:\/\/vortekspaces.com\/fr\/2024\/05\/06\/nouveaux-materiaux-modele3d-version-janvier-a-mars-2024\/"]}]},{"@type":"ImageObject","inLanguage":"fr-FR","@id":"https:\/\/vortekspaces.com\/fr\/2024\/05\/06\/nouveaux-materiaux-modele3d-version-janvier-a-mars-2024\/#primaryimage","url":"https:\/\/vortekspaces.com\/wp-content\/uploads\/2024\/04\/salt-1.png","contentUrl":"https:\/\/vortekspaces.com\/wp-content\/uploads\/2024\/04\/salt-1.png","width":1971,"height":1971},{"@type":"BreadcrumbList","@id":"https:\/\/vortekspaces.com\/fr\/2024\/05\/06\/nouveaux-materiaux-modele3d-version-janvier-a-mars-2024\/#breadcrumb","itemListElement":[{"@type":"ListItem","position":1,"name":"Accueil","item":"https:\/\/vortekspaces.com\/fr\/"},{"@type":"ListItem","position":2,"name":"Nouveaux mat\u00e9riaux et mod\u00e8les 3D &#8211; Janvier \u00e0 mars 2024"}]},{"@type":"WebSite","@id":"https:\/\/vortekspaces.com\/fr\/#website","url":"https:\/\/vortekspaces.com\/fr\/","name":"VORTEK Spaces","description":"Pr\u00e9sentation 3D pour tous!","publisher":{"@id":"https:\/\/vortekspaces.com\/fr\/#organization"},"potentialAction":[{"@type":"SearchAction","target":{"@type":"EntryPoint","urlTemplate":"https:\/\/vortekspaces.com\/fr\/?s={search_term_string}"},"query-input":{"@type":"PropertyValueSpecification","valueRequired":true,"valueName":"search_term_string"}}],"inLanguage":"fr-FR"},{"@type":"Organization","@id":"https:\/\/vortekspaces.com\/fr\/#organization","name":"Spaces","url":"https:\/\/vortekspaces.com\/fr\/","logo":{"@type":"ImageObject","inLanguage":"fr-FR","@id":"https:\/\/vortekspaces.com\/fr\/#\/schema\/logo\/image\/","url":"https:\/\/vortekspaces.com\/wp-content\/uploads\/2020\/02\/logo-spaces.svg","contentUrl":"https:\/\/vortekspaces.com\/wp-content\/uploads\/2020\/02\/logo-spaces.svg","width":261,"height":84,"caption":"Spaces"},"image":{"@id":"https:\/\/vortekspaces.com\/fr\/#\/schema\/logo\/image\/"}},{"@type":"Person","@id":"https:\/\/vortekspaces.com\/fr\/#\/schema\/person\/a5ec2f48f400b9fbb4c40f29d997bc95","name":"Jean-S\u00e9bastien Roy","image":{"@type":"ImageObject","inLanguage":"fr-FR","@id":"https:\/\/vortekspaces.com\/fr\/#\/schema\/person\/image\/","url":"https:\/\/secure.gravatar.com\/avatar\/4871ab6663e56179edfe8b0669237ee6a0e816f3792051da32708e126cab7365?s=96&d=mm&r=g","contentUrl":"https:\/\/secure.gravatar.com\/avatar\/4871ab6663e56179edfe8b0669237ee6a0e816f3792051da32708e126cab7365?s=96&d=mm&r=g","caption":"Jean-S\u00e9bastien Roy"},"url":"https:\/\/vortekspaces.com\/fr\/author\/jsroy\/"}]}},"featured_image_url":"https:\/\/vortekspaces.com\/wp-content\/uploads\/2024\/04\/salt-1.png","_links":{"self":[{"href":"https:\/\/vortekspaces.com\/fr\/wp-json\/wp\/v2\/posts\/27438","targetHints":{"allow":["GET"]}}],"collection":[{"href":"https:\/\/vortekspaces.com\/fr\/wp-json\/wp\/v2\/posts"}],"about":[{"href":"https:\/\/vortekspaces.com\/fr\/wp-json\/wp\/v2\/types\/post"}],"author":[{"embeddable":true,"href":"https:\/\/vortekspaces.com\/fr\/wp-json\/wp\/v2\/users\/10249"}],"replies":[{"embeddable":true,"href":"https:\/\/vortekspaces.com\/fr\/wp-json\/wp\/v2\/comments?post=27438"}],"version-history":[{"count":6,"href":"https:\/\/vortekspaces.com\/fr\/wp-json\/wp\/v2\/posts\/27438\/revisions"}],"predecessor-version":[{"id":51967,"href":"https:\/\/vortekspaces.com\/fr\/wp-json\/wp\/v2\/posts\/27438\/revisions\/51967"}],"wp:featuredmedia":[{"embeddable":true,"href":"https:\/\/vortekspaces.com\/fr\/wp-json\/wp\/v2\/media\/27646"}],"wp:attachment":[{"href":"https:\/\/vortekspaces.com\/fr\/wp-json\/wp\/v2\/media?parent=27438"}],"wp:term":[{"taxonomy":"category","embeddable":true,"href":"https:\/\/vortekspaces.com\/fr\/wp-json\/wp\/v2\/categories?post=27438"},{"taxonomy":"post_tag","embeddable":true,"href":"https:\/\/vortekspaces.com\/fr\/wp-json\/wp\/v2\/tags?post=27438"}],"curies":[{"name":"wp","href":"https:\/\/api.w.org\/{rel}","templated":true}]}}