{"id":23793,"date":"2023-11-21T11:48:46","date_gmt":"2023-11-21T16:48:46","guid":{"rendered":"https:\/\/spacescom.prod.arcanetech.io\/?p=23793"},"modified":"2026-04-24T13:56:25","modified_gmt":"2026-04-24T17:56:25","slug":"release-notes-2022-q3-q4","status":"publish","type":"post","link":"https:\/\/vortekspaces.com\/fr\/2023\/11\/21\/release-notes-2022-q3-q4\/","title":{"rendered":"Notes de version &#8211; Juillet \u00e0 D\u00e9cembre 2022"},"content":{"rendered":"\n<h2 class=\"wp-block-heading\"><span class=\"VIiyi\" lang=\"en\"><span class=\"JLqJ4b ChMk0b\" data-language-for-alternatives=\"en\" data-language-to-translate-into=\"fr\" data-phrase-index=\"1\" data-number-of-phrases=\"2\">Voici les derni\u00e8res mises \u00e0 jour, les nouveaut\u00e9s et les informations incontournables sur VORTEK Spaces !<\/span><\/span><\/h2>\n\n\n\n<h2 class=\"wp-block-heading\">\u00bfHablas espa\u00f1ol?<\/h2>\n\n\n\n<p>Nous offrons d\u00e9sormais VORTEK Spaces en espagnol. Vamos! \u00a1Vamos!<\/p>\n\n\n\n<p>Ahora ofrecemos VORTEK Spaces en espa\u00f1ol. \u00a1Vamos!<\/p>\n\n\n\n<h2 class=\"wp-block-heading\">Installation de plafonds suspendus simplifi\u00e9e.<\/h2>\n\n\n\n<p>Les plafonds suspendus, fr\u00e9quemment utilis\u00e9s dans les projets commerciaux et les sous-sols r\u00e9sidentiels, peuvent d\u00e9sormais \u00eatre con\u00e7us rapidement et facilement dans VORTEK Spaces.<\/p>\n\n\n\n<p>Avec notre nouvelle option, vous pouvez convertir un plafond plat en un plafond suspendu en quelques clics, tout en b\u00e9n\u00e9ficiant d&#8217;options de personnalisation pour un rendu sur mesure.<\/p>\n\n\n\n<figure class=\"wp-block-embed is-type-video is-provider-youtube wp-block-embed-youtube wp-embed-aspect-16-9 wp-has-aspect-ratio\"><div class=\"wp-block-embed__wrapper\">\n<iframe loading=\"lazy\" title=\"Pro Tips : Suspended ceiling in a few clicks\" width=\"500\" height=\"281\" src=\"https:\/\/www.youtube.com\/embed\/EeYaVZ5sLno?feature=oembed\" frameborder=\"0\" allow=\"accelerometer; autoplay; clipboard-write; encrypted-media; gyroscope; picture-in-picture; web-share\" referrerpolicy=\"strict-origin-when-cross-origin\" allowfullscreen><\/iframe>\n<\/div><\/figure>\n\n\n\n<h2 class=\"wp-block-heading\">Export et import des favoris<\/h2>\n\n\n\n<p>Les fonctions d\u2019import et d\u2019export des favoris permettent aux \u00e9quipes de sauver du temps et de s\u2019assurer d\u2019avoir les m\u00eames mat\u00e9riaux d\u2019un projet \u00e0 l\u2019autre.<\/p>\n\n\n\n<figure class=\"wp-block-video\"><video controls src=\"https:\/\/vortekspaces.com\/wp-content\/uploads\/2023\/11\/pro-tips-export-modeles3d.mp4\"><\/video><\/figure>\n\n\n\n<h2 class=\"wp-block-heading\">Toc, toc, toc. Entrez donc !<\/h2>\n\n\n\n<p>L&#8217;immersion prend une nouvelle dimension dans VORTEK Space : l&#8217;ouverture des portes est d\u00e9sormais possible. Apportez une touche suppl\u00e9mentaire de r\u00e9alisme en entreb\u00e2illant les portes, et suscitez la curiosit\u00e9. Nombreux seront ceux d\u00e9sireux de d\u00e9couvrir ce qui se dissimule derri\u00e8re ! Mais attention, gardez un \u0153il sur les courants d&#8217;air !<\/p>\n\n\n\n<figure class=\"wp-block-video\"><video controls src=\"https:\/\/vortekspaces.com\/wp-content\/uploads\/2023\/11\/ouverture-de-portes-en.mp4\"><\/video><\/figure>\n\n\n\n<h2 class=\"wp-block-heading\">Lambris : Chaleur et \u00c9l\u00e9gance.<\/h2>\n\n\n\n<p>Notre s\u00e9lection d&#8217;effets de lambris pour rev\u00eatements muraux repr\u00e9sente une alternative raffin\u00e9e pour enrichir votre d\u00e9coration int\u00e9rieure avec go\u00fbt et distinction.<\/p>\n\n\n\n<figure class=\"wp-block-video\"><video controls src=\"https:\/\/vortekspaces.com\/wp-content\/uploads\/2023\/11\/lambris-en.mp4\"><\/video><\/figure>\n\n\n\n<h2 class=\"wp-block-heading\">Sous-projets ind\u00e9pendants<\/h2>\n\n\n\n<p>Cr\u00e9ez des assemblages d&#8217;objets et de lumi\u00e8res personnalis\u00e9s r\u00e9utilisables \u00e0 l&#8217;infini pour rapidement meubler vos prochains projets! Vous pouvez m\u00eame \u00e9changer vos meilleures cr\u00e9ations avec votre \u00e9quipe au moyen de l&#8217;import\/export de favoris.<\/p>\n\n\n\n<figure class=\"wp-block-video\"><video controls src=\"https:\/\/vortekspaces.com\/wp-content\/uploads\/2023\/11\/pro-tips-sous-projet.mp4\"><\/video><\/figure>\n\n\n\n<h2 class=\"wp-block-heading\">Maximisez votre efficacit\u00e9 !<\/h2>\n\n\n\n<p>Si vous avez de multiples s\u00e9quences vid\u00e9o \u00e0 enregistrer, faites-le en une seule fois ! Utilisez notre nouvelle fonctionnalit\u00e9 de g\u00e9n\u00e9ration de vid\u00e9os en s\u00e9rie pour gagner du temps en lan\u00e7ant la g\u00e9n\u00e9ration des vid\u00e9os de tous vos projets de la journ\u00e9e en une seule fois le soir.<\/p>\n\n\n\n<figure class=\"wp-block-video\"><video controls src=\"https:\/\/vortekspaces.com\/wp-content\/uploads\/2023\/11\/videos-en-batch.mp4\"><\/video><\/figure>\n\n\n\n<h2 class=\"wp-block-heading\">Mise \u00e0 niveau de la vue<\/h2>\n\n\n\n<p>Pour bien cadrer et centrer votre sc\u00e8ne, utilisez la fonction mise \u00e0 niveau. Rapide et efficace pour obtenir une vid\u00e9o parfaite !<\/p>\n\n\n\n<figure class=\"wp-block-video\"><video controls src=\"https:\/\/vortekspaces.com\/wp-content\/uploads\/2023\/11\/vortek-spaces-2023-11-07-20-56-34.mp4\"><\/video><\/figure>\n\n\n\n<h2 class=\"wp-block-heading\"><span class=\"normaltextrun\">Support technique: trois fa\u00e7ons de nous rejoindre .<\/span><\/h2>\n\n\n\n<ul class=\"wp-block-list\">\n<li>Besoin de support rapide ? Clavarder directement avec un de nos agents. Si personne n\u2019est en ligne au moment o\u00f9 vous laissez un message, soyez certain que nous r\u00e9pondrons le plus rapidement possible.<\/li>\n\n\n\n<li>Vous pouvez aussi \u00e9crire directement \u00e0 support@vortekspaces.com<\/li>\n\n\n\n<li>Pour parler directement avec un agent, vous pouvez composer le +1-844-986-7835<\/li>\n<\/ul>\n\n\n\n<h2 class=\"wp-block-heading\"><span class=\"normaltextrun\">Partagez-nous vos projets !<\/span><\/h2>\n\n\n\n<p>C\u2019est le moment de briller ! Envoyez-nous vos plus beaux projets en VOKproj. Notre \u00e9quipe s\u00e9lectionnera certains projets parmi ceux re\u00e7us. Notre \u00e9quipe va reprendre des s\u00e9quences des projets choisis pour les partager sur nos r\u00e9seaux sociaux. Voici une belle occasion de montrer \u00e0 tout le monde ce dont vous \u00eates capable.<\/p>\n\n\n\n<p>Envoyez courriel \u00e0 <a href=\"mailto:info@vortekspaces.com\">info@vortekspaces.com<\/a> avec le Sujet : <em>Voici mon projet<\/em><\/p>\n\n\n\n<h2 class=\"wp-block-heading\">Suivez-nous pour ne rien manquer!<\/h2>\n\n\n\n<p>Nous vous invitons \u00e0 nous suivre sur les r\u00e9seaux sociaux pour vous tenir \u00e0 jour sur les derni\u00e8res mises \u00e0 jour du logiciel, les nouveaut\u00e9s et les tendances du march\u00e9.<\/p>\n\n\n\n<ul class=\"wp-block-list\">\n<li>Instagram <a href=\"https:\/\/www.instagram.com\/vortek_spaces\/\">instagram.com\/vortek_spaces<\/a><\/li>\n\n\n\n<li>facebook <a href=\"https:\/\/www.facebook.com\/vortekexp\">facebook.com\/vortekexp <\/a><\/li>\n\n\n\n<li>LinkedIn <a href=\"https:\/\/www.linkedin.com\/company\/9262343\/\">linkedin.com\/company\/vortek <\/a><\/li>\n<\/ul>\n","protected":false},"excerpt":{"rendered":"<p>Voici les derni\u00e8res mises \u00e0 jour, les nouveaut\u00e9s et les informations incontournables sur VORTEK Spaces ! \u00bfHablas espa\u00f1ol? Nous offrons d\u00e9sormais VORTEK Spaces en espagnol. Vamos! \u00a1Vamos! Ahora ofrecemos VORTEK Spaces en espa\u00f1ol. \u00a1Vamos! Installation de plafonds suspendus simplifi\u00e9e. Les plafonds suspendus, fr\u00e9quemment utilis\u00e9s dans les projets commerciaux et les sous-sols r\u00e9sidentiels, peuvent d\u00e9sormais \u00eatre [&hellip;]<\/p>\n","protected":false},"author":10249,"featured_media":23810,"comment_status":"closed","ping_status":"closed","sticky":false,"template":"","format":"standard","meta":{"_acf_changed":false,"_eb_attr":"","inline_featured_image":false,"_hide_featured_image":false,"_spaces_version":"","footnotes":""},"categories":[47],"tags":[],"class_list":["post-23793","post","type-post","status-publish","format-standard","has-post-thumbnail","hentry","category-notes-de-version"],"acf":[],"yoast_head":"<!-- This site is optimized with the Yoast SEO plugin v24.9 - https:\/\/yoast.com\/wordpress\/plugins\/seo\/ -->\n<title>Notes de version - Juillet \u00e0 D\u00e9cembre 2022 - VORTEK Spaces<\/title>\n<meta name=\"robots\" content=\"index, follow, max-snippet:-1, max-image-preview:large, max-video-preview:-1\" \/>\n<link rel=\"canonical\" href=\"https:\/\/vortekspaces.com\/fr\/2023\/11\/21\/release-notes-2022-q3-q4\/\" \/>\n<meta property=\"og:locale\" content=\"fr_FR\" \/>\n<meta property=\"og:type\" content=\"article\" \/>\n<meta property=\"og:title\" content=\"Notes de version - Juillet \u00e0 D\u00e9cembre 2022 - VORTEK Spaces\" \/>\n<meta property=\"og:description\" content=\"Voici les derni\u00e8res mises \u00e0 jour, les nouveaut\u00e9s et les informations incontournables sur VORTEK Spaces ! \u00bfHablas espa\u00f1ol? Nous offrons d\u00e9sormais VORTEK Spaces en espagnol. Vamos! \u00a1Vamos! Ahora ofrecemos VORTEK Spaces en espa\u00f1ol. \u00a1Vamos! Installation de plafonds suspendus simplifi\u00e9e. Les plafonds suspendus, fr\u00e9quemment utilis\u00e9s dans les projets commerciaux et les sous-sols r\u00e9sidentiels, peuvent d\u00e9sormais \u00eatre [&hellip;]\" \/>\n<meta property=\"og:url\" content=\"https:\/\/vortekspaces.com\/fr\/2023\/11\/21\/release-notes-2022-q3-q4\/\" \/>\n<meta property=\"og:site_name\" content=\"VORTEK Spaces\" \/>\n<meta property=\"article:published_time\" content=\"2023-11-21T16:48:46+00:00\" \/>\n<meta property=\"article:modified_time\" content=\"2026-04-24T17:56:25+00:00\" \/>\n<meta property=\"og:image\" content=\"https:\/\/vortekspaces.com\/wp-content\/uploads\/2023\/11\/lambris-et-auto-level.png\" \/>\n\t<meta property=\"og:image:width\" content=\"800\" \/>\n\t<meta property=\"og:image:height\" content=\"489\" \/>\n\t<meta property=\"og:image:type\" content=\"image\/png\" \/>\n<meta name=\"author\" content=\"Jean-S\u00e9bastien Roy\" \/>\n<meta name=\"twitter:card\" content=\"summary_large_image\" \/>\n<meta name=\"twitter:label1\" content=\"\u00c9crit par\" \/>\n\t<meta name=\"twitter:data1\" content=\"Jean-S\u00e9bastien Roy\" \/>\n\t<meta name=\"twitter:label2\" content=\"Dur\u00e9e de lecture estim\u00e9e\" \/>\n\t<meta name=\"twitter:data2\" content=\"4 minutes\" \/>\n<script type=\"application\/ld+json\" class=\"yoast-schema-graph\">{\"@context\":\"https:\/\/schema.org\",\"@graph\":[{\"@type\":\"Article\",\"@id\":\"https:\/\/vortekspaces.com\/fr\/2023\/11\/21\/release-notes-2022-q3-q4\/#article\",\"isPartOf\":{\"@id\":\"https:\/\/vortekspaces.com\/fr\/2023\/11\/21\/release-notes-2022-q3-q4\/\"},\"author\":{\"name\":\"Jean-S\u00e9bastien Roy\",\"@id\":\"https:\/\/vortekspaces.com\/fr\/#\/schema\/person\/a5ec2f48f400b9fbb4c40f29d997bc95\"},\"headline\":\"Notes de version &#8211; Juillet \u00e0 D\u00e9cembre 2022\",\"datePublished\":\"2023-11-21T16:48:46+00:00\",\"dateModified\":\"2026-04-24T17:56:25+00:00\",\"mainEntityOfPage\":{\"@id\":\"https:\/\/vortekspaces.com\/fr\/2023\/11\/21\/release-notes-2022-q3-q4\/\"},\"wordCount\":567,\"publisher\":{\"@id\":\"https:\/\/vortekspaces.com\/fr\/#organization\"},\"image\":{\"@id\":\"https:\/\/vortekspaces.com\/fr\/2023\/11\/21\/release-notes-2022-q3-q4\/#primaryimage\"},\"thumbnailUrl\":\"https:\/\/vortekspaces.com\/wp-content\/uploads\/2023\/11\/lambris-et-auto-level.png\",\"articleSection\":[\"Notes de version\"],\"inLanguage\":\"fr-FR\"},{\"@type\":\"WebPage\",\"@id\":\"https:\/\/vortekspaces.com\/fr\/2023\/11\/21\/release-notes-2022-q3-q4\/\",\"url\":\"https:\/\/vortekspaces.com\/fr\/2023\/11\/21\/release-notes-2022-q3-q4\/\",\"name\":\"Notes de version - Juillet \u00e0 D\u00e9cembre 2022 - VORTEK Spaces\",\"isPartOf\":{\"@id\":\"https:\/\/vortekspaces.com\/fr\/#website\"},\"primaryImageOfPage\":{\"@id\":\"https:\/\/vortekspaces.com\/fr\/2023\/11\/21\/release-notes-2022-q3-q4\/#primaryimage\"},\"image\":{\"@id\":\"https:\/\/vortekspaces.com\/fr\/2023\/11\/21\/release-notes-2022-q3-q4\/#primaryimage\"},\"thumbnailUrl\":\"https:\/\/vortekspaces.com\/wp-content\/uploads\/2023\/11\/lambris-et-auto-level.png\",\"datePublished\":\"2023-11-21T16:48:46+00:00\",\"dateModified\":\"2026-04-24T17:56:25+00:00\",\"breadcrumb\":{\"@id\":\"https:\/\/vortekspaces.com\/fr\/2023\/11\/21\/release-notes-2022-q3-q4\/#breadcrumb\"},\"inLanguage\":\"fr-FR\",\"potentialAction\":[{\"@type\":\"ReadAction\",\"target\":[\"https:\/\/vortekspaces.com\/fr\/2023\/11\/21\/release-notes-2022-q3-q4\/\"]}]},{\"@type\":\"ImageObject\",\"inLanguage\":\"fr-FR\",\"@id\":\"https:\/\/vortekspaces.com\/fr\/2023\/11\/21\/release-notes-2022-q3-q4\/#primaryimage\",\"url\":\"https:\/\/vortekspaces.com\/wp-content\/uploads\/2023\/11\/lambris-et-auto-level.png\",\"contentUrl\":\"https:\/\/vortekspaces.com\/wp-content\/uploads\/2023\/11\/lambris-et-auto-level.png\",\"width\":800,\"height\":489},{\"@type\":\"BreadcrumbList\",\"@id\":\"https:\/\/vortekspaces.com\/fr\/2023\/11\/21\/release-notes-2022-q3-q4\/#breadcrumb\",\"itemListElement\":[{\"@type\":\"ListItem\",\"position\":1,\"name\":\"Accueil\",\"item\":\"https:\/\/vortekspaces.com\/fr\/\"},{\"@type\":\"ListItem\",\"position\":2,\"name\":\"Notes de version &#8211; Juillet \u00e0 D\u00e9cembre 2022\"}]},{\"@type\":\"WebSite\",\"@id\":\"https:\/\/vortekspaces.com\/fr\/#website\",\"url\":\"https:\/\/vortekspaces.com\/fr\/\",\"name\":\"VORTEK Spaces\",\"description\":\"Pr\u00e9sentation 3D pour tous!\",\"publisher\":{\"@id\":\"https:\/\/vortekspaces.com\/fr\/#organization\"},\"potentialAction\":[{\"@type\":\"SearchAction\",\"target\":{\"@type\":\"EntryPoint\",\"urlTemplate\":\"https:\/\/vortekspaces.com\/fr\/?s={search_term_string}\"},\"query-input\":{\"@type\":\"PropertyValueSpecification\",\"valueRequired\":true,\"valueName\":\"search_term_string\"}}],\"inLanguage\":\"fr-FR\"},{\"@type\":\"Organization\",\"@id\":\"https:\/\/vortekspaces.com\/fr\/#organization\",\"name\":\"Spaces\",\"url\":\"https:\/\/vortekspaces.com\/fr\/\",\"logo\":{\"@type\":\"ImageObject\",\"inLanguage\":\"fr-FR\",\"@id\":\"https:\/\/vortekspaces.com\/fr\/#\/schema\/logo\/image\/\",\"url\":\"https:\/\/vortekspaces.com\/wp-content\/uploads\/2020\/02\/logo-spaces.svg\",\"contentUrl\":\"https:\/\/vortekspaces.com\/wp-content\/uploads\/2020\/02\/logo-spaces.svg\",\"width\":261,\"height\":84,\"caption\":\"Spaces\"},\"image\":{\"@id\":\"https:\/\/vortekspaces.com\/fr\/#\/schema\/logo\/image\/\"}},{\"@type\":\"Person\",\"@id\":\"https:\/\/vortekspaces.com\/fr\/#\/schema\/person\/a5ec2f48f400b9fbb4c40f29d997bc95\",\"name\":\"Jean-S\u00e9bastien Roy\",\"image\":{\"@type\":\"ImageObject\",\"inLanguage\":\"fr-FR\",\"@id\":\"https:\/\/vortekspaces.com\/fr\/#\/schema\/person\/image\/\",\"url\":\"https:\/\/secure.gravatar.com\/avatar\/4871ab6663e56179edfe8b0669237ee6a0e816f3792051da32708e126cab7365?s=96&d=mm&r=g\",\"contentUrl\":\"https:\/\/secure.gravatar.com\/avatar\/4871ab6663e56179edfe8b0669237ee6a0e816f3792051da32708e126cab7365?s=96&d=mm&r=g\",\"caption\":\"Jean-S\u00e9bastien Roy\"},\"url\":\"https:\/\/vortekspaces.com\/fr\/author\/jsroy\/\"}]}<\/script>\n<!-- \/ Yoast SEO plugin. -->","yoast_head_json":{"title":"Notes de version - Juillet \u00e0 D\u00e9cembre 2022 - VORTEK Spaces","robots":{"index":"index","follow":"follow","max-snippet":"max-snippet:-1","max-image-preview":"max-image-preview:large","max-video-preview":"max-video-preview:-1"},"canonical":"https:\/\/vortekspaces.com\/fr\/2023\/11\/21\/release-notes-2022-q3-q4\/","og_locale":"fr_FR","og_type":"article","og_title":"Notes de version - Juillet \u00e0 D\u00e9cembre 2022 - VORTEK Spaces","og_description":"Voici les derni\u00e8res mises \u00e0 jour, les nouveaut\u00e9s et les informations incontournables sur VORTEK Spaces ! \u00bfHablas espa\u00f1ol? Nous offrons d\u00e9sormais VORTEK Spaces en espagnol. Vamos! \u00a1Vamos! Ahora ofrecemos VORTEK Spaces en espa\u00f1ol. \u00a1Vamos! Installation de plafonds suspendus simplifi\u00e9e. Les plafonds suspendus, fr\u00e9quemment utilis\u00e9s dans les projets commerciaux et les sous-sols r\u00e9sidentiels, peuvent d\u00e9sormais \u00eatre [&hellip;]","og_url":"https:\/\/vortekspaces.com\/fr\/2023\/11\/21\/release-notes-2022-q3-q4\/","og_site_name":"VORTEK Spaces","article_published_time":"2023-11-21T16:48:46+00:00","article_modified_time":"2026-04-24T17:56:25+00:00","og_image":[{"width":800,"height":489,"url":"https:\/\/vortekspaces.com\/wp-content\/uploads\/2023\/11\/lambris-et-auto-level.png","type":"image\/png"}],"author":"Jean-S\u00e9bastien Roy","twitter_card":"summary_large_image","twitter_misc":{"\u00c9crit par":"Jean-S\u00e9bastien Roy","Dur\u00e9e de lecture estim\u00e9e":"4 minutes"},"schema":{"@context":"https:\/\/schema.org","@graph":[{"@type":"Article","@id":"https:\/\/vortekspaces.com\/fr\/2023\/11\/21\/release-notes-2022-q3-q4\/#article","isPartOf":{"@id":"https:\/\/vortekspaces.com\/fr\/2023\/11\/21\/release-notes-2022-q3-q4\/"},"author":{"name":"Jean-S\u00e9bastien Roy","@id":"https:\/\/vortekspaces.com\/fr\/#\/schema\/person\/a5ec2f48f400b9fbb4c40f29d997bc95"},"headline":"Notes de version &#8211; Juillet \u00e0 D\u00e9cembre 2022","datePublished":"2023-11-21T16:48:46+00:00","dateModified":"2026-04-24T17:56:25+00:00","mainEntityOfPage":{"@id":"https:\/\/vortekspaces.com\/fr\/2023\/11\/21\/release-notes-2022-q3-q4\/"},"wordCount":567,"publisher":{"@id":"https:\/\/vortekspaces.com\/fr\/#organization"},"image":{"@id":"https:\/\/vortekspaces.com\/fr\/2023\/11\/21\/release-notes-2022-q3-q4\/#primaryimage"},"thumbnailUrl":"https:\/\/vortekspaces.com\/wp-content\/uploads\/2023\/11\/lambris-et-auto-level.png","articleSection":["Notes de version"],"inLanguage":"fr-FR"},{"@type":"WebPage","@id":"https:\/\/vortekspaces.com\/fr\/2023\/11\/21\/release-notes-2022-q3-q4\/","url":"https:\/\/vortekspaces.com\/fr\/2023\/11\/21\/release-notes-2022-q3-q4\/","name":"Notes de version - Juillet \u00e0 D\u00e9cembre 2022 - VORTEK Spaces","isPartOf":{"@id":"https:\/\/vortekspaces.com\/fr\/#website"},"primaryImageOfPage":{"@id":"https:\/\/vortekspaces.com\/fr\/2023\/11\/21\/release-notes-2022-q3-q4\/#primaryimage"},"image":{"@id":"https:\/\/vortekspaces.com\/fr\/2023\/11\/21\/release-notes-2022-q3-q4\/#primaryimage"},"thumbnailUrl":"https:\/\/vortekspaces.com\/wp-content\/uploads\/2023\/11\/lambris-et-auto-level.png","datePublished":"2023-11-21T16:48:46+00:00","dateModified":"2026-04-24T17:56:25+00:00","breadcrumb":{"@id":"https:\/\/vortekspaces.com\/fr\/2023\/11\/21\/release-notes-2022-q3-q4\/#breadcrumb"},"inLanguage":"fr-FR","potentialAction":[{"@type":"ReadAction","target":["https:\/\/vortekspaces.com\/fr\/2023\/11\/21\/release-notes-2022-q3-q4\/"]}]},{"@type":"ImageObject","inLanguage":"fr-FR","@id":"https:\/\/vortekspaces.com\/fr\/2023\/11\/21\/release-notes-2022-q3-q4\/#primaryimage","url":"https:\/\/vortekspaces.com\/wp-content\/uploads\/2023\/11\/lambris-et-auto-level.png","contentUrl":"https:\/\/vortekspaces.com\/wp-content\/uploads\/2023\/11\/lambris-et-auto-level.png","width":800,"height":489},{"@type":"BreadcrumbList","@id":"https:\/\/vortekspaces.com\/fr\/2023\/11\/21\/release-notes-2022-q3-q4\/#breadcrumb","itemListElement":[{"@type":"ListItem","position":1,"name":"Accueil","item":"https:\/\/vortekspaces.com\/fr\/"},{"@type":"ListItem","position":2,"name":"Notes de version &#8211; Juillet \u00e0 D\u00e9cembre 2022"}]},{"@type":"WebSite","@id":"https:\/\/vortekspaces.com\/fr\/#website","url":"https:\/\/vortekspaces.com\/fr\/","name":"VORTEK Spaces","description":"Pr\u00e9sentation 3D pour tous!","publisher":{"@id":"https:\/\/vortekspaces.com\/fr\/#organization"},"potentialAction":[{"@type":"SearchAction","target":{"@type":"EntryPoint","urlTemplate":"https:\/\/vortekspaces.com\/fr\/?s={search_term_string}"},"query-input":{"@type":"PropertyValueSpecification","valueRequired":true,"valueName":"search_term_string"}}],"inLanguage":"fr-FR"},{"@type":"Organization","@id":"https:\/\/vortekspaces.com\/fr\/#organization","name":"Spaces","url":"https:\/\/vortekspaces.com\/fr\/","logo":{"@type":"ImageObject","inLanguage":"fr-FR","@id":"https:\/\/vortekspaces.com\/fr\/#\/schema\/logo\/image\/","url":"https:\/\/vortekspaces.com\/wp-content\/uploads\/2020\/02\/logo-spaces.svg","contentUrl":"https:\/\/vortekspaces.com\/wp-content\/uploads\/2020\/02\/logo-spaces.svg","width":261,"height":84,"caption":"Spaces"},"image":{"@id":"https:\/\/vortekspaces.com\/fr\/#\/schema\/logo\/image\/"}},{"@type":"Person","@id":"https:\/\/vortekspaces.com\/fr\/#\/schema\/person\/a5ec2f48f400b9fbb4c40f29d997bc95","name":"Jean-S\u00e9bastien Roy","image":{"@type":"ImageObject","inLanguage":"fr-FR","@id":"https:\/\/vortekspaces.com\/fr\/#\/schema\/person\/image\/","url":"https:\/\/secure.gravatar.com\/avatar\/4871ab6663e56179edfe8b0669237ee6a0e816f3792051da32708e126cab7365?s=96&d=mm&r=g","contentUrl":"https:\/\/secure.gravatar.com\/avatar\/4871ab6663e56179edfe8b0669237ee6a0e816f3792051da32708e126cab7365?s=96&d=mm&r=g","caption":"Jean-S\u00e9bastien Roy"},"url":"https:\/\/vortekspaces.com\/fr\/author\/jsroy\/"}]}},"featured_image_url":"https:\/\/vortekspaces.com\/wp-content\/uploads\/2023\/11\/lambris-et-auto-level.png","_links":{"self":[{"href":"https:\/\/vortekspaces.com\/fr\/wp-json\/wp\/v2\/posts\/23793","targetHints":{"allow":["GET"]}}],"collection":[{"href":"https:\/\/vortekspaces.com\/fr\/wp-json\/wp\/v2\/posts"}],"about":[{"href":"https:\/\/vortekspaces.com\/fr\/wp-json\/wp\/v2\/types\/post"}],"author":[{"embeddable":true,"href":"https:\/\/vortekspaces.com\/fr\/wp-json\/wp\/v2\/users\/10249"}],"replies":[{"embeddable":true,"href":"https:\/\/vortekspaces.com\/fr\/wp-json\/wp\/v2\/comments?post=23793"}],"version-history":[{"count":5,"href":"https:\/\/vortekspaces.com\/fr\/wp-json\/wp\/v2\/posts\/23793\/revisions"}],"predecessor-version":[{"id":51799,"href":"https:\/\/vortekspaces.com\/fr\/wp-json\/wp\/v2\/posts\/23793\/revisions\/51799"}],"wp:featuredmedia":[{"embeddable":true,"href":"https:\/\/vortekspaces.com\/fr\/wp-json\/wp\/v2\/media\/23810"}],"wp:attachment":[{"href":"https:\/\/vortekspaces.com\/fr\/wp-json\/wp\/v2\/media?parent=23793"}],"wp:term":[{"taxonomy":"category","embeddable":true,"href":"https:\/\/vortekspaces.com\/fr\/wp-json\/wp\/v2\/categories?post=23793"},{"taxonomy":"post_tag","embeddable":true,"href":"https:\/\/vortekspaces.com\/fr\/wp-json\/wp\/v2\/tags?post=23793"}],"curies":[{"name":"wp","href":"https:\/\/api.w.org\/{rel}","templated":true}]}}